{"id":1505,"date":"2014-06-18T06:34:28","date_gmt":"2014-06-18T06:34:28","guid":{"rendered":"https:\/\/codexflores.ch\/index.php\/2014\/06\/18\/pereira-stellt-in-mailand-scala-programm-vor\/"},"modified":"2014-06-18T06:34:28","modified_gmt":"2014-06-18T06:34:28","slug":"pereira-stellt-in-mailand-scala-programm-vor","status":"publish","type":"post","link":"https:\/\/codexflores.ch\/index.php\/2014\/06\/18\/pereira-stellt-in-mailand-scala-programm-vor\/","title":{"rendered":"Pereira stellt in Mailand Scala-Programm vor"},"content":{"rendered":"<p><span style=\"font-family: arial,helvetica,sans-serif; font-size: small;\">18.06.2014 &#8212; Der designierte Scala-Intendant Alexander Pereira hat in Mailand seine Vorstellungen zur Programmierung des Hauses vorgestellt. Er will \u2013 \u00dcberraschung! \u2013 die Anzahl der Produktionen steigern und einen Akzent auf die italienische Oper legen.<\/span><\/p>\n<p>\u00a0<\/p>\n<p><span style=\"font-family: arial,helvetica,sans-serif; font-size: small;\"><strong>18.06.2014 &#8212; Der designierte Scala-Intendant Alexander Pereira hat in Mailand seine Vorstellungen zur Programmierung des Hauses vorgestellt. Er will \u2013 \u00dcberraschung! \u2013 die Anzahl der Produktionen steigern und einen Akzent auf die italienische Oper legen.<\/strong><\/span><\/p>\n<p>\u00a0<\/p>\n<p><span style=\"font-family: arial,helvetica,sans-serif; font-size: small;\">In drei Jahren m\u00fcsse die Scala mindestens 60 neue Produktionen realisieren, erkl\u00e4rte Pereira, der bereits als Chef der Z\u00fcrcher Oper auf eine hohe Premieren-Kadenz gesetzt hatte. 20 sollen direkt in der Scala produziert werden, 20 weitere Koproduktionen mit Partnern. <\/span><\/p>\n<p><span style=\"font-family: arial,helvetica,sans-serif; font-size: small;\">\u00a0<\/span><\/p>\n<p><span style=\"font-family: arial,helvetica,sans-serif; font-size: small;\">Die italienische Oper soll an der Scala die Programmierung schwergewichtig bestimmen. Er\u00f6ffnet wird allerdings mit zwei deutschen Opern, Beethovens <em>Fidelio<\/em> und Zimmermanns <em>Soldaten<\/em>. Es folgen Monteverdis <span class=\"st\"><em>L&#8217;incoronazione di Poppea, <\/em>Verdis<em> Aida, <\/em>Mozarts<em> Lucio Silla, <\/em>Bizets<em> Carmen <\/em>und Puccinis<em> Turandot.<\/em><\/span><br \/><\/span><\/p>\n<p><span style=\"font-family: arial,helvetica,sans-serif; font-size: small;\">\u00a0<\/span><\/p>\n<p><span style=\"font-family: arial,helvetica,sans-serif; font-size: small;\">In der Saison 14\/15 sind in 270 Auff\u00fchrungen 17 Opern- und 7 Ballettproduktionen geplant. Eingie davon sollen zu billigeren Preisen besuchbar sein, um mehr Jugendliche anzuziehen. <em>(cf)<\/em> <br \/><\/span><\/p>\n<p><span style=\"font-family: arial,helvetica,sans-serif; font-size: small;\">\u00a0<\/span><\/p>\n<p><span>\u00a0<\/span><\/p>\n","protected":false},"excerpt":{"rendered":"<p><span style=\"font-family: arial,helvetica,sans-serif; font-size: small;\">18.06.2014 &#8212; Der designierte Scala-Intendant Alexander Pereira hat in Mailand seine Vorstellungen zur Programmierung des Hauses vorgestellt. Er will \u2013 \u00dcberraschung! \u2013 die Anzahl der Produktionen steigern und einen Akzent auf die italienische Oper legen.<\/span><\/p>\n","protected":false},"author":1,"featured_media":0,"comment_status":"open","ping_status":"open","sticky":false,"template":"","format":"standard","meta":{"footnotes":""},"categories":[2],"tags":[],"class_list":["post-1505","post","type-post","status-publish","format-standard","hentry","category-nachrichten","entry"],"_links":{"self":[{"href":"https:\/\/codexflores.ch\/index.php\/wp-json\/wp\/v2\/posts\/1505","targetHints":{"allow":["GET"]}}],"collection":[{"href":"https:\/\/codexflores.ch\/index.php\/wp-json\/wp\/v2\/posts"}],"about":[{"href":"https:\/\/codexflores.ch\/index.php\/wp-json\/wp\/v2\/types\/post"}],"author":[{"embeddable":true,"href":"https:\/\/codexflores.ch\/index.php\/wp-json\/wp\/v2\/users\/1"}],"replies":[{"embeddable":true,"href":"https:\/\/codexflores.ch\/index.php\/wp-json\/wp\/v2\/comments?post=1505"}],"version-history":[{"count":0,"href":"https:\/\/codexflores.ch\/index.php\/wp-json\/wp\/v2\/posts\/1505\/revisions"}],"wp:attachment":[{"href":"https:\/\/codexflores.ch\/index.php\/wp-json\/wp\/v2\/media?parent=1505"}],"wp:term":[{"taxonomy":"category","embeddable":true,"href":"https:\/\/codexflores.ch\/index.php\/wp-json\/wp\/v2\/categories?post=1505"},{"taxonomy":"post_tag","embeddable":true,"href":"https:\/\/codexflores.ch\/index.php\/wp-json\/wp\/v2\/tags?post=1505"}],"curies":[{"name":"wp","href":"https:\/\/api.w.org\/{rel}","templated":true}]}}