{"id":1506,"date":"2014-06-18T06:45:17","date_gmt":"2014-06-18T06:45:17","guid":{"rendered":"https:\/\/codexflores.ch\/index.php\/2014\/06\/18\/omso-vaenskae-principal-guest-conductor-in-island\/"},"modified":"2014-06-18T06:45:17","modified_gmt":"2014-06-18T06:45:17","slug":"omso-vaenskae-principal-guest-conductor-in-island","status":"publish","type":"post","link":"https:\/\/codexflores.ch\/index.php\/2014\/06\/18\/omso-vaenskae-principal-guest-conductor-in-island\/","title":{"rendered":"Osmo V\u00e4nsk\u00e4 Principal Guest Conductor in Island"},"content":{"rendered":"<p><span style=\"font-family: arial,helvetica,sans-serif; font-size: small;\">18.06.2014 &#8212; Der finnische Dirigent Osmo V\u00e4nsk\u00e4 ist vom Iceland Symphony Orchestra zum Principal Guest Conductor ernannt worden.<\/span><\/p>\n<p><span style=\"font-family: arial,helvetica,sans-serif; font-size: small;\"><strong>18.06.2014 &#8212; Der finnische Dirigent Osmo V\u00e4nsk\u00e4 ist vom Iceland Symphony Orchestra zum Principal Guest Conductor ernannt worden.<\/strong><\/span><\/p>\n<p><span style=\"font-family: arial,helvetica,sans-serif; font-size: small;\">\u00a0<\/span><\/p>\n<p><span style=\"font-family: arial,helvetica,sans-serif; font-size: small;\">V\u00e4nsk\u00e4 wird in Island in der kommenden Saison Bruckner- und Sibelius-Programme dirigieren. In der Schweiz hat V\u00e4nsk\u00e4 dieses Jahr beim Orchestre de la Suisse Romande deb\u00fctiert, wo er neben Carl Nielsens Vierter Sinfonie ein Violinkonzert von Pascal Dusapin mit Renaud Capu\u00e7on als Solisten zur Auff\u00fchrung brachte.<\/span><\/p>\n<p><span style=\"font-family: arial,helvetica,sans-serif; font-size: small;\">\u00a0<\/span><\/p>\n<p><span style=\"font-family: arial,helvetica,sans-serif; font-size: small;\">Das <span style=\"font-family: arial,helvetica,sans-serif; font-size: small;\">Iceland Symphony Orchestra <\/span>mit Sitz in Reykjavik ist 1950 mit Hilfe des Staats und des isl\u00e4ndischen Rundfunkes als Nachfolge-Ensemble des Reykjav\u00edk Orchestra gegr\u00fcndet worden. Sein Chefdirigent ist der israelst\u00e4mmige Ilan Volkov. 2008 wurde es f\u00fcr Aufnahmen mit Werken Vincent d&#8217;Indys f\u00fcr einen Grammy nominiert. <em>(cf)<\/em><\/span><\/p>\n<p>\u00a0<\/p>\n","protected":false},"excerpt":{"rendered":"<p><span style=\"font-family: arial,helvetica,sans-serif; font-size: small;\">18.06.2014 &#8212; Der finnische Dirigent Osmo V\u00e4nsk\u00e4 ist vom Iceland Symphony Orchestra zum Principal Guest Conductor ernannt worden.<\/span><\/p>\n","protected":false},"author":1,"featured_media":0,"comment_status":"open","ping_status":"open","sticky":false,"template":"","format":"standard","meta":{"footnotes":""},"categories":[2],"tags":[],"class_list":["post-1506","post","type-post","status-publish","format-standard","hentry","category-nachrichten","entry"],"_links":{"self":[{"href":"https:\/\/codexflores.ch\/index.php\/wp-json\/wp\/v2\/posts\/1506","targetHints":{"allow":["GET"]}}],"collection":[{"href":"https:\/\/codexflores.ch\/index.php\/wp-json\/wp\/v2\/posts"}],"about":[{"href":"https:\/\/codexflores.ch\/index.php\/wp-json\/wp\/v2\/types\/post"}],"author":[{"embeddable":true,"href":"https:\/\/codexflores.ch\/index.php\/wp-json\/wp\/v2\/users\/1"}],"replies":[{"embeddable":true,"href":"https:\/\/codexflores.ch\/index.php\/wp-json\/wp\/v2\/comments?post=1506"}],"version-history":[{"count":0,"href":"https:\/\/codexflores.ch\/index.php\/wp-json\/wp\/v2\/posts\/1506\/revisions"}],"wp:attachment":[{"href":"https:\/\/codexflores.ch\/index.php\/wp-json\/wp\/v2\/media?parent=1506"}],"wp:term":[{"taxonomy":"category","embeddable":true,"href":"https:\/\/codexflores.ch\/index.php\/wp-json\/wp\/v2\/categories?post=1506"},{"taxonomy":"post_tag","embeddable":true,"href":"https:\/\/codexflores.ch\/index.php\/wp-json\/wp\/v2\/tags?post=1506"}],"curies":[{"name":"wp","href":"https:\/\/api.w.org\/{rel}","templated":true}]}}