{"id":151,"date":"2014-01-09T15:19:33","date_gmt":"2014-01-09T15:19:33","guid":{"rendered":"https:\/\/codexflores.ch\/index.php\/2014\/01\/09\/karadaglic-erinnert-an-goldene-gitarren-zeiten\/"},"modified":"2014-01-09T15:19:33","modified_gmt":"2014-01-09T15:19:33","slug":"karadaglic-erinnert-an-goldene-gitarren-zeiten","status":"publish","type":"post","link":"https:\/\/codexflores.ch\/index.php\/2014\/01\/09\/karadaglic-erinnert-an-goldene-gitarren-zeiten\/","title":{"rendered":"Karadagli\u0107 erinnert an goldene Gitarren-Zeiten"},"content":{"rendered":"<p><span class=\"txt-m-black\"><img decoding=\"async\" src=\"http:\/\/212.60.37.143\/bilder\/2011\/110624milos.jpg\" border=\"0\" align=\"left\" \/><em>24.06.2011 &#8212;<\/em> Mit den lauen Sommerabenden kommt die hohe Zeit der Lagerfeuer, Strandidyllen, intimen Gartenpartys und n\u00e4chtlichen Grillfeste \u2013 und damit auch die Saison der mediterranen Gitarrenmusik. Rechtzeitig zur Saison macht die Deutsche Grammophon ein Album des jungen montenegrinischen Virtuosen Milo\u0161 Karadagli\u0107 verf\u00fcgbar, das etwas anmutet wie eine verkl\u00e4rende Reise zur\u00fcck in die Zeiten Andr\u00e9s Segovias, der Familie Romeros und Julian Breams.<\/p>\n<p> Platz haben da die ganz grossen Renner aus dem spanisch-romantischen Repertoire \u2013 aus Albeniz\u2019 <em>Suite espa\u00f1ola<\/em>, T\u00e1rregas Salonpi\u00e8cen (L\u00e1grima, Adelita, Capricho arabe), Granados <em>Danzas espa\u00f1olas<\/em> &#8211; sowie <em>Epit\u00e1phios<\/em> des Griechen Mikis Theodorakis und <em>Koyunaba<\/em>, eine Suite des italienischen Gitarristen Carlo Domeniconi aus den 1980er-Jahren, die auch schon oft und gerne eingespielt worden ist. Sie basiert urspr\u00fcnglich auf einer improvisatorisch genutzten Skordatur (Umstimmen der Saiten) und macht ganz h\u00fcbsch Effekt.<\/p>\n<p> Nat\u00fcrlich nicht fehlen darf da auch die <em>Romance<\/em> aus dem Film \u00abJeux interdits\u00bb, die hier wie \u00fcblich als anonymes Werk verzeichnet ist (der Berichterstatter glaubt sich zu erinnern, dass Narciso Yepes sich vor Jahren einmal in einem Interview mit einer Gitarrenfachzeitschrift als Autor des Werkes geoutet hat). Den Barcarole-Rhythmus unterlegt das English Chamber Orchestra unter der Leitung von Paul Watkins mit einem Streicherteppich, der hart jenseits der Grenze zur Fahrstuhlmusik situiert werden muss. <\/p>\n<p> Allerdings versteht Karadagli\u0107 sein Handwerk. Seine Interpretatonen sind stimmungsvoll, ruhig fliessend und voller innerer Poesie. Wer sich vom Glas Wein und vom Lagerfeuer l\u00f6sen kann und Zugriff auf einen DVD-Player hat, der sollte sich auch die mit der CD mitgelieferte DVD zu Gem\u00fcte f\u00fchren.<\/p>\n<p> Da findet sich ein im Grossen und Ganzen recht konventionelles und nichtssagendes Portr\u00e4t des Gitarristen, in dem sich allerdings einige kurze Perlen verstecken: historische Aufnahmen aus der Kindheit und fr\u00fchen Jugend des Virtuosen, die Einblicke in die Musikkultur Montenegros zu Zeiten des Jugoslawienkrieges geben. Karadagli\u0107 war in seinem Heimatland (sp\u00e4ter siedelte er nach London \u00fcber) n\u00e4mlich sehr fr\u00fch schon ein TV- und Fernsehstar. <em>(wb)<\/em><\/p>\n<p> <span class=\"txt-s-black\"><em><span style=\"font-size: x-small;\"> Milo\u0161 Karadagli\u0107 (Gitarre): Mediterr\u00e1neo, Werke von Albeniz, Tarrega, Domeniconi, Theodorakis, Llboet, Granados, Deutsche Grammophon, CD+DVD, Best.-Nr. 477 9338.<\/span><\/em><br \/><\/span><\/span><\/p>\n","protected":false},"excerpt":{"rendered":"<p>24.06.2011 &#8212; Mit den lauen Sommerabenden kommt die hohe Zeit der Lagerfeuer, Strandidyllen, intimen Gartenpartys und n\u00e4chtlichen Grillfeste \u2013 und&#8230;<\/p>\n","protected":false},"author":1,"featured_media":0,"comment_status":"open","ping_status":"open","sticky":false,"template":"","format":"standard","meta":{"footnotes":""},"categories":[4],"tags":[],"class_list":["post-151","post","type-post","status-publish","format-standard","hentry","category-im-gespraech","entry"],"_links":{"self":[{"href":"https:\/\/codexflores.ch\/index.php\/wp-json\/wp\/v2\/posts\/151","targetHints":{"allow":["GET"]}}],"collection":[{"href":"https:\/\/codexflores.ch\/index.php\/wp-json\/wp\/v2\/posts"}],"about":[{"href":"https:\/\/codexflores.ch\/index.php\/wp-json\/wp\/v2\/types\/post"}],"author":[{"embeddable":true,"href":"https:\/\/codexflores.ch\/index.php\/wp-json\/wp\/v2\/users\/1"}],"replies":[{"embeddable":true,"href":"https:\/\/codexflores.ch\/index.php\/wp-json\/wp\/v2\/comments?post=151"}],"version-history":[{"count":0,"href":"https:\/\/codexflores.ch\/index.php\/wp-json\/wp\/v2\/posts\/151\/revisions"}],"wp:attachment":[{"href":"https:\/\/codexflores.ch\/index.php\/wp-json\/wp\/v2\/media?parent=151"}],"wp:term":[{"taxonomy":"category","embeddable":true,"href":"https:\/\/codexflores.ch\/index.php\/wp-json\/wp\/v2\/categories?post=151"},{"taxonomy":"post_tag","embeddable":true,"href":"https:\/\/codexflores.ch\/index.php\/wp-json\/wp\/v2\/tags?post=151"}],"curies":[{"name":"wp","href":"https:\/\/api.w.org\/{rel}","templated":true}]}}