{"id":1512,"date":"2014-06-20T06:06:38","date_gmt":"2014-06-20T06:06:38","guid":{"rendered":"https:\/\/codexflores.ch\/index.php\/2014\/06\/20\/konferenz-zum-300-geburtstag-des-begruenders-der-aesthetik\/"},"modified":"2014-06-20T06:06:38","modified_gmt":"2014-06-20T06:06:38","slug":"konferenz-zum-300-geburtstag-des-begruenders-der-aesthetik","status":"publish","type":"post","link":"https:\/\/codexflores.ch\/index.php\/2014\/06\/20\/konferenz-zum-300-geburtstag-des-begruenders-der-aesthetik\/","title":{"rendered":"Konferenz zum 300. Geburtstag des Begr\u00fcnders der \u00c4sthetik"},"content":{"rendered":"<p><span style=\"font-family: arial,helvetica,sans-serif; font-size: small;\">20.06.2014 &#8212; Die Europa-Universit\u00e4t Viadrina Frankfurt (Oder) erweistmit einer internationalen Konferenz zum Thema \u00abSch\u00f6nes Denken \u2013 Baumgartens Epoche 1714-2014\u00bb dem Begr\u00fcnder der philosophischen \u00c4sthetik Reverenz\u00a0\u2013 anl\u00e4sslich des 300. Geburtstages\u00a0Alexander Gottlieb Baumgartens.<\/span><\/p>\n<p><span style=\"font-family: arial,helvetica,sans-serif; font-size: small;\"><strong>20.06.2014 &#8212; Die Europa-Universit\u00e4t Viadrina Frankfurt (Oder) erweistmit einer internationalen Konferenz zum Thema \u00abSch\u00f6nes Denken \u2013 Baumgartens Epoche 1714-2014\u00bb dem Begr\u00fcnder der philosophischen \u00c4sthetik Reverenz\u00a0\u2013 anl\u00e4sslich des 300. Geburtstages\u00a0Alexander Gottlieb Baumgartens.<\/strong><\/span><\/p>\n<p><span style=\"font-family: arial,helvetica,sans-serif; font-size: small;\">\u00a0<\/span><\/p>\n<p><span style=\"font-family: arial,helvetica,sans-serif; font-size: small;\">Rund 25 Teilnehmer aus Deutschland, Italien, Frankreich und den USA untersuchen aus philosophischer, historischer, rechts-, kultur- und literaturwissenschaftlicher Perspektive die Baumgartensche Philosophie.<\/span><\/p>\n<p><span style=\"font-family: arial,helvetica,sans-serif; font-size: small;\">\u00a0<\/span><\/p>\n<p><span style=\"font-family: arial,helvetica,sans-serif; font-size: small;\">Baumgarten gilt als Gr\u00fcndervater der modernen \u00c4sthetik. Er untersuchte nicht nur, was sch\u00f6n ist, sondern stellte eine Verbindung zu Vernunft und Logik her. Der Philosoph wurde zum Leitautor Immanuel Kants, der seine Vorlesungen zu Metaphysik und Ethik entlang der Baumgartenschen Schriften ausf\u00fchrte.<\/span><\/p>\n<p><span style=\"font-family: arial,helvetica,sans-serif; font-size: small;\">\u00a0<\/span><\/p>\n<p><span style=\"font-family: arial,helvetica,sans-serif; font-size: small;\">Von 1752 bis 53 war Baumgarten Rektor der Viadrina. In seiner Frankfurter Zeit verfasste und ver\u00f6ffentlichte Baumgarten die beiden ersten Teile seines philosophischen Hauptwerkes, der unvollendet gebliebenen <em>Aesthetica<\/em>, in der er seine Vorlesungen zur Philosophie der sinnlichen Erkenntnis und der Kunst des sch\u00f6nen Denkens ausarbeitete. Die <em>Aesthetica<\/em> ist die Gr\u00fcndungsurkunde der modernen \u00c4sthetik. <em>(cf)<\/em><\/span><\/p>\n<p><span style=\"font-family: arial,helvetica,sans-serif; font-size: small;\"><em>\u00a0<\/em><\/span><\/p>\n<p><span style=\"font-family: arial,helvetica,sans-serif; font-size: small;\"><strong>Mehr Infos:<\/strong><\/span><br \/><a href=\"http:\/\/www.europa-uni.de\/de\/struktur\/zse\/pressestelle\/aktuelles\/Konferenzen_und_Tagungen\/Baumgartentagung26_-28_06_2014.pdf\" target=\"_blank\" rel=\"noopener noreferrer\"><span style=\"font-family: arial,helvetica,sans-serif; font-size: small;\"><em>http:\/\/www.europa-uni.de\/de\/struktur\/zse\/pressestelle\/aktuelles\/Konferenzen_und_Tagungen\/Baumgartentagung26_-28_06_2014.pdf<\/em><\/span><\/a><\/p>\n<p>\u00a0<\/p>\n","protected":false},"excerpt":{"rendered":"<p><span style=\"font-family: arial,helvetica,sans-serif; font-size: small;\">20.06.2014 &#8212; Die Europa-Universit\u00e4t Viadrina Frankfurt (Oder) erweistmit einer internationalen Konferenz zum Thema \u00abSch\u00f6nes Denken \u2013 Baumgartens Epoche 1714-2014\u00bb dem Begr\u00fcnder der philosophischen \u00c4sthetik Reverenz\u00a0\u2013 anl\u00e4sslich des 300. Geburtstages\u00a0Alexander Gottlieb Baumgartens.<\/span><\/p>\n","protected":false},"author":1,"featured_media":0,"comment_status":"open","ping_status":"open","sticky":false,"template":"","format":"standard","meta":{"footnotes":""},"categories":[2],"tags":[],"class_list":["post-1512","post","type-post","status-publish","format-standard","hentry","category-nachrichten","entry"],"_links":{"self":[{"href":"https:\/\/codexflores.ch\/index.php\/wp-json\/wp\/v2\/posts\/1512","targetHints":{"allow":["GET"]}}],"collection":[{"href":"https:\/\/codexflores.ch\/index.php\/wp-json\/wp\/v2\/posts"}],"about":[{"href":"https:\/\/codexflores.ch\/index.php\/wp-json\/wp\/v2\/types\/post"}],"author":[{"embeddable":true,"href":"https:\/\/codexflores.ch\/index.php\/wp-json\/wp\/v2\/users\/1"}],"replies":[{"embeddable":true,"href":"https:\/\/codexflores.ch\/index.php\/wp-json\/wp\/v2\/comments?post=1512"}],"version-history":[{"count":0,"href":"https:\/\/codexflores.ch\/index.php\/wp-json\/wp\/v2\/posts\/1512\/revisions"}],"wp:attachment":[{"href":"https:\/\/codexflores.ch\/index.php\/wp-json\/wp\/v2\/media?parent=1512"}],"wp:term":[{"taxonomy":"category","embeddable":true,"href":"https:\/\/codexflores.ch\/index.php\/wp-json\/wp\/v2\/categories?post=1512"},{"taxonomy":"post_tag","embeddable":true,"href":"https:\/\/codexflores.ch\/index.php\/wp-json\/wp\/v2\/tags?post=1512"}],"curies":[{"name":"wp","href":"https:\/\/api.w.org\/{rel}","templated":true}]}}