{"id":1513,"date":"2014-06-23T05:48:39","date_gmt":"2014-06-23T05:48:39","guid":{"rendered":"https:\/\/codexflores.ch\/index.php\/2014\/06\/23\/karlsruhe-revitalisiert-kunstbegriff-der-renaissance\/"},"modified":"2014-06-23T05:48:39","modified_gmt":"2014-06-23T05:48:39","slug":"karlsruhe-revitalisiert-kunstbegriff-der-renaissance","status":"publish","type":"post","link":"https:\/\/codexflores.ch\/index.php\/2014\/06\/23\/karlsruhe-revitalisiert-kunstbegriff-der-renaissance\/","title":{"rendered":"Karlsruhe revitalisiert Kunstbegriff der Renaissance"},"content":{"rendered":"<p><span style=\"font-family: arial,helvetica,sans-serif; font-size: small;\">23.06.2014 &#8212; Ab Juni 2015 veranstaltet das ZKM | Zentrum f\u00fcr Kunst und Medientechnologie Karlsruhe eine neue Form der Kunstausstellung: Die \u00abGlobale\u00bb, ein multipolares Ereignis von 300 Tagen, zeigt einen um die Naturwissenschaften erweiterten Kunstbegriff.<\/span><\/p>\n<p><span style=\"font-family: arial,helvetica,sans-serif; font-size: small;\"><strong>23.06.2014 &#8212; Ab Juni 2015 veranstaltet das ZKM | Zentrum f\u00fcr Kunst und Medientechnologie Karlsruhe eine neue Form der Kunstausstellung: Die \u00abGlobale\u00bb, ein multipolares Ereignis von 300 Tagen, zeigt einen um die Naturwissenschaften erweiterten Kunstbegriff.<\/strong><\/span><\/p>\n<p><span style=\"font-family: arial,helvetica,sans-serif; font-size: small;\">\u00a0<\/span><\/p>\n<p><span style=\"font-family: arial,helvetica,sans-serif; font-size: small;\">Der Kunstbegriff kn\u00fcpft an die Renaissance an, an die Verwissenschaftlichung der Kunst in der Neuzeit, und er\u00f6ffnet gleichzeitig eine Dimension der Zukunft \u2013 eine \u00abRenaissance 2.0, die sich in der globalen Infosph\u00e4re entwickeln wird\u00bb, wie das ZKM etwas kryptisch schreibt. \u00a0<\/span><\/p>\n<p><span style=\"font-family: arial,helvetica,sans-serif; font-size: small;\">\u00a0<\/span><\/p>\n<p><span style=\"font-family: arial,helvetica,sans-serif; font-size: small;\">Die\u00a0\u00abGlobale\u00bb wird von Kuratoren und Kuratorinnen wie Pan Gonkei (Central Academy of Fine Arts, Peking\/China) oder Melita Zajc (Institute of Media Communication, University of Maribor\/Slowenien) , aber auch solchen aus L\u00e4ndern wie Brasilien, USA, Korea, Japan, Singapur, Indien, Australien, \u00d6sterreich oder Frankreich mit unterschiedlichen Ansichten \u00fcber die Entwicklung der Moderne und die Globalisierung gestaltet.<\/span><\/p>\n<p>\u00a0<\/p>\n<p><span style=\"font-family: arial,helvetica,sans-serif; font-size: small;\">Sie wird nicht statisch bleiben, sondern sich im Laufe der Monate ver\u00e4ndern. Um einige zentrale Exponate werden regelm\u00e4ssig neue Arbeiten gruppiert. Die\u00a0\u00abGlobale\u00bb wird bis Mitte April 2016 andauern. Sie wird alle Ausstellungsfl\u00e4chen des ZKM | Karlsruhe, sowie den \u00f6ffentlichen Raum der Stadt Karlsruhe bespielen. An ausgew\u00e4hlten Orten , die von historischer Bedeutung f\u00fcr die Kultur und die Wissenschaft sind, werden Werke zu sehen sein. <em>(cf)<\/em><\/span><\/p>\n","protected":false},"excerpt":{"rendered":"<p><span style=\"font-family: arial,helvetica,sans-serif; font-size: small;\">23.06.2014 &#8212; Ab Juni 2015 veranstaltet das ZKM | Zentrum f\u00fcr Kunst und Medientechnologie Karlsruhe eine neue Form der Kunstausstellung: Die \u00abGlobale\u00bb, ein multipolares Ereignis von 300 Tagen, zeigt einen um die Naturwissenschaften erweiterten Kunstbegriff.<\/span><\/p>\n","protected":false},"author":1,"featured_media":0,"comment_status":"open","ping_status":"open","sticky":false,"template":"","format":"standard","meta":{"footnotes":""},"categories":[2],"tags":[],"class_list":["post-1513","post","type-post","status-publish","format-standard","hentry","category-nachrichten","entry"],"_links":{"self":[{"href":"https:\/\/codexflores.ch\/index.php\/wp-json\/wp\/v2\/posts\/1513","targetHints":{"allow":["GET"]}}],"collection":[{"href":"https:\/\/codexflores.ch\/index.php\/wp-json\/wp\/v2\/posts"}],"about":[{"href":"https:\/\/codexflores.ch\/index.php\/wp-json\/wp\/v2\/types\/post"}],"author":[{"embeddable":true,"href":"https:\/\/codexflores.ch\/index.php\/wp-json\/wp\/v2\/users\/1"}],"replies":[{"embeddable":true,"href":"https:\/\/codexflores.ch\/index.php\/wp-json\/wp\/v2\/comments?post=1513"}],"version-history":[{"count":0,"href":"https:\/\/codexflores.ch\/index.php\/wp-json\/wp\/v2\/posts\/1513\/revisions"}],"wp:attachment":[{"href":"https:\/\/codexflores.ch\/index.php\/wp-json\/wp\/v2\/media?parent=1513"}],"wp:term":[{"taxonomy":"category","embeddable":true,"href":"https:\/\/codexflores.ch\/index.php\/wp-json\/wp\/v2\/categories?post=1513"},{"taxonomy":"post_tag","embeddable":true,"href":"https:\/\/codexflores.ch\/index.php\/wp-json\/wp\/v2\/tags?post=1513"}],"curies":[{"name":"wp","href":"https:\/\/api.w.org\/{rel}","templated":true}]}}