{"id":1515,"date":"2014-06-23T06:40:41","date_gmt":"2014-06-23T06:40:41","guid":{"rendered":"https:\/\/codexflores.ch\/index.php\/2014\/06\/23\/wegen-angeblicher-homophobie-engagements-verloren\/"},"modified":"2014-06-23T06:40:41","modified_gmt":"2014-06-23T06:40:41","slug":"wegen-angeblicher-homophobie-engagements-verloren","status":"publish","type":"post","link":"https:\/\/codexflores.ch\/index.php\/2014\/06\/23\/wegen-angeblicher-homophobie-engagements-verloren\/","title":{"rendered":"Wegen angeblicher Homophobie Engagements verloren"},"content":{"rendered":"<p><span style=\"font-family: arial,helvetica,sans-serif; font-size: small;\">23.06.2014 &#8212; Auf der Facebook-Seite der georgischen S\u00e4ngerin Tamar Iveri hat sich kurze Zeit ein Brief gefunden, der sich kritisch mit den Aktivit\u00e4ten der Bewegung f\u00fcr Homosexuellen-Rechte in Georgien auseinandersetzte. Das hat der K\u00fcnstlerin Engagements in Australien und Belgien gekostet.<\/span><\/p>\n<p><span style=\"font-family: arial,helvetica,sans-serif; font-size: small;\"><strong>23.06.2014 &#8212; Auf der Facebook-Seite der georgischen S\u00e4ngerin Tamar Iveri hat sich kurze Zeit ein Brief gefunden, der sich kritisch mit den Aktivit\u00e4ten der Bewegung f\u00fcr Homosexuellen-Rechte in Georgien auseinandersetzte. Das hat der K\u00fcnstlerin Engagements in Australien und Belgien gekostet.<\/strong><\/span><\/p>\n<p>\u00a0<\/p>\n<p><span style=\"font-family: arial,helvetica,sans-serif; font-size: small;\">Wie der Ehemann der S\u00e4ngerin auf der Seite mittlerweile erkl\u00e4rt, habe er den Brief verfasst, ohne dass Tamar Iveri davon Kenntnis gehabt habe. Diese sei best\u00fcrzt gewesen und habe den Brief sofort von der Seite gel\u00f6scht, nachdem sie davon Kenntnis gehabt habe. Die S\u00e4ngerin selber betont, dass sie sich gegen jede Form von Vorurteilen gegen\u00fcber unterschiedlichen Neigungen und Lebensformen stelle. <\/span><\/p>\n<p>\u00a0<\/p>\n<p><span style=\"font-family: arial,helvetica,sans-serif; font-size: small;\">Proteste in Australien gegen Iveris angeblicher Homophobie f\u00fchrten allerdings dazu, dass sie sich aus einem Engagement an der Opera Australia als Desdemona zur\u00fcckzog.\u00a0 Laut dem Fachblatt <em>Resmusica<\/em> ist sie von Peter de Caluw\u00e9, dem Generaldirektor der Br\u00fcsseler Oper La Monnaie de Bruxelles, \u00fcberdies wegen des Briefes aus einer <em>Maskenball-<\/em>Produktion der Saison 2014\/15 gekippt worden. <em>(cf)<\/em><\/span><\/p>\n<p>\u00a0<\/p>\n","protected":false},"excerpt":{"rendered":"<p><span style=\"font-family: arial,helvetica,sans-serif; font-size: small;\">23.06.2014 &#8212; Auf der Facebook-Seite der georgischen S\u00e4ngerin Tamar Iveri hat sich kurze Zeit ein Brief gefunden, der sich kritisch mit den Aktivit\u00e4ten der Bewegung f\u00fcr Homosexuellen-Rechte in Georgien auseinandersetzte. Das hat der K\u00fcnstlerin Engagements in Australien und Belgien gekostet.<\/span><\/p>\n","protected":false},"author":1,"featured_media":0,"comment_status":"open","ping_status":"open","sticky":false,"template":"","format":"standard","meta":{"footnotes":""},"categories":[2],"tags":[],"class_list":["post-1515","post","type-post","status-publish","format-standard","hentry","category-nachrichten","entry"],"_links":{"self":[{"href":"https:\/\/codexflores.ch\/index.php\/wp-json\/wp\/v2\/posts\/1515","targetHints":{"allow":["GET"]}}],"collection":[{"href":"https:\/\/codexflores.ch\/index.php\/wp-json\/wp\/v2\/posts"}],"about":[{"href":"https:\/\/codexflores.ch\/index.php\/wp-json\/wp\/v2\/types\/post"}],"author":[{"embeddable":true,"href":"https:\/\/codexflores.ch\/index.php\/wp-json\/wp\/v2\/users\/1"}],"replies":[{"embeddable":true,"href":"https:\/\/codexflores.ch\/index.php\/wp-json\/wp\/v2\/comments?post=1515"}],"version-history":[{"count":0,"href":"https:\/\/codexflores.ch\/index.php\/wp-json\/wp\/v2\/posts\/1515\/revisions"}],"wp:attachment":[{"href":"https:\/\/codexflores.ch\/index.php\/wp-json\/wp\/v2\/media?parent=1515"}],"wp:term":[{"taxonomy":"category","embeddable":true,"href":"https:\/\/codexflores.ch\/index.php\/wp-json\/wp\/v2\/categories?post=1515"},{"taxonomy":"post_tag","embeddable":true,"href":"https:\/\/codexflores.ch\/index.php\/wp-json\/wp\/v2\/tags?post=1515"}],"curies":[{"name":"wp","href":"https:\/\/api.w.org\/{rel}","templated":true}]}}