{"id":1517,"date":"2014-06-24T05:59:32","date_gmt":"2014-06-24T05:59:32","guid":{"rendered":"https:\/\/codexflores.ch\/index.php\/2014\/06\/24\/schlosskonzerte-thun-unter-neuer-leitung\/"},"modified":"2014-06-24T05:59:32","modified_gmt":"2014-06-24T05:59:32","slug":"schlosskonzerte-thun-unter-neuer-leitung","status":"publish","type":"post","link":"https:\/\/codexflores.ch\/index.php\/2014\/06\/24\/schlosskonzerte-thun-unter-neuer-leitung\/","title":{"rendered":"Schlosskonzerte Thun unter neuer Leitung"},"content":{"rendered":"<p><span style=\"font-family: arial,helvetica,sans-serif; font-size: small;\">24.06.2014 &#8212; Die Schlosskonzerte Thun stehen ab 2015 unter der k\u00fcnstlerischen Leitung des Geigers Lorenz Hasler und der S\u00e4ngerin Gisela Trost. Sie l\u00f6sen Regula Sch\u00e4r und Beate Schlichenmaier ab, welche die Funktion seit 2008 innehatten.<\/span><\/p>\n<p><span style=\"font-family: arial,helvetica,sans-serif; font-size: small;\"><strong>24.06.2014 &#8212; Die Schlosskonzerte Thun stehen ab 2015 unter der k\u00fcnstlerischen Leitung des Geigers Lorenz Hasler und der S\u00e4ngerin Gisela Trost. Sie l\u00f6sen Regula Sch\u00e4r und Beate Schlichenmaier ab, welche die Funktion seit 2008 innehatten.<\/strong><\/span><\/p>\n<p><span style=\"font-family: arial,helvetica,sans-serif; font-size: small;\">\u00a0<\/span><\/p>\n<p><span style=\"font-family: arial,helvetica,sans-serif; font-size: small;\">Lorenz Hasler ist als Vioinist, Orchesterleiter und Kommentator t\u00e4tig. Bis 2013 leitete er die Musikschule K\u00f6niz. Gisela Trost leitet seit 1. April 2013 die Gesch\u00e4ftsstelle der Schlosskonzerte Thun. Die 35-j\u00e4hrige Bernerin ist ausgebildete S\u00e4ngerin, Musikp\u00e4dagogin und Musikwissenschaftlerin.<\/span><\/p>\n<p><span style=\"font-family: arial,helvetica,sans-serif; font-size: small;\">\u00a0<\/span><\/p>\n<p><span style=\"font-family: arial,helvetica,sans-serif; font-size: small;\">Die Schlosskonzerte Thun bestehen seit 1968 und sind das \u00e4lteste Musikfestival in der Region. Zu ihren G\u00e4sten z\u00e4hlen Pers\u00f6nlichkeiten wie Patricia Kopatchinskaja, Sol Gabetta, Patrick und Thomas Demenga, Thomas F\u00fcri\u201a Aglaia Graf, Heinz Holliger, Jordi Savall oder Maurice Steger. <em>(cf)<\/em><\/span><\/p>\n<p><span style=\"font-family: arial,helvetica,sans-serif; font-size: small;\">\u00a0<\/span><\/p>\n<p>\u00a0<\/p>\n","protected":false},"excerpt":{"rendered":"<p><span style=\"font-family: arial,helvetica,sans-serif; font-size: small;\">24.06.2014 &#8212; Die Schlosskonzerte Thun stehen ab 2015 unter der k\u00fcnstlerischen Leitung des Geigers Lorenz Hasler und der S\u00e4ngerin Gisela Trost. Sie l\u00f6sen Regula Sch\u00e4r und Beate Schlichenmaier ab, welche die Funktion seit 2008 innehatten.<\/span><\/p>\n","protected":false},"author":1,"featured_media":0,"comment_status":"open","ping_status":"open","sticky":false,"template":"","format":"standard","meta":{"footnotes":""},"categories":[2],"tags":[],"class_list":["post-1517","post","type-post","status-publish","format-standard","hentry","category-nachrichten","entry"],"_links":{"self":[{"href":"https:\/\/codexflores.ch\/index.php\/wp-json\/wp\/v2\/posts\/1517","targetHints":{"allow":["GET"]}}],"collection":[{"href":"https:\/\/codexflores.ch\/index.php\/wp-json\/wp\/v2\/posts"}],"about":[{"href":"https:\/\/codexflores.ch\/index.php\/wp-json\/wp\/v2\/types\/post"}],"author":[{"embeddable":true,"href":"https:\/\/codexflores.ch\/index.php\/wp-json\/wp\/v2\/users\/1"}],"replies":[{"embeddable":true,"href":"https:\/\/codexflores.ch\/index.php\/wp-json\/wp\/v2\/comments?post=1517"}],"version-history":[{"count":0,"href":"https:\/\/codexflores.ch\/index.php\/wp-json\/wp\/v2\/posts\/1517\/revisions"}],"wp:attachment":[{"href":"https:\/\/codexflores.ch\/index.php\/wp-json\/wp\/v2\/media?parent=1517"}],"wp:term":[{"taxonomy":"category","embeddable":true,"href":"https:\/\/codexflores.ch\/index.php\/wp-json\/wp\/v2\/categories?post=1517"},{"taxonomy":"post_tag","embeddable":true,"href":"https:\/\/codexflores.ch\/index.php\/wp-json\/wp\/v2\/tags?post=1517"}],"curies":[{"name":"wp","href":"https:\/\/api.w.org\/{rel}","templated":true}]}}