{"id":1519,"date":"2014-06-24T06:56:49","date_gmt":"2014-06-24T06:56:49","guid":{"rendered":"https:\/\/codexflores.ch\/index.php\/2014\/06\/24\/tonhalle-gesellschaft-zuerich-widmet-sich-nono\/"},"modified":"2014-06-24T06:56:49","modified_gmt":"2014-06-24T06:56:49","slug":"tonhalle-gesellschaft-zuerich-widmet-sich-nono","status":"publish","type":"post","link":"https:\/\/codexflores.ch\/index.php\/2014\/06\/24\/tonhalle-gesellschaft-zuerich-widmet-sich-nono\/","title":{"rendered":"Tonhalle-Gesellschaft Z\u00fcrich widmet sich Nono"},"content":{"rendered":"<p><span style=\"font-family: arial,helvetica,sans-serif; font-size: small;\">24.06.2014 &#8212; Die Festspiele Zu\u0308rich stehen heuer unter dem Motto \u00abPrometheus \u2013 Entfesselung der Kr\u00e4fte\u00bb, mit der Auff\u00fchrung von Luigi Nonos \u00abPrometeo\u00bb als Kernst\u00fcck. Die Tonhalle-Gesellschaft Z\u00fcrich nimmt dies zum Anlass, in ihrem Festspielprogramm einen thematischen Schwerpunkt auf den italienischen Komponisten zu legen.<\/span><\/p>\n<p><strong><span style=\"font-family: arial,helvetica,sans-serif; font-size: small;\">24.06.2014 &#8212; Die Festspiele Zu\u0308rich stehen heuer unter dem Motto \u00abPrometheus \u2013 Entfesselung der Kr\u00e4fte\u00bb, mit der Auff\u00fchrung von Luigi Nonos \u00abPrometeo\u00bb als Kernst\u00fcck. Die Tonhalle-Gesellschaft Z\u00fcrich nimmt dies zum Anlass, in ihrem Festspielprogramm einen thematischen Schwerpunkt auf den italienischen Komponisten zu legen.<\/span><\/strong><\/p>\n<p>\u00a0<\/p>\n<p><span style=\"font-family: arial,helvetica,sans-serif; font-size: small;\">Dieses Jahr w\u00e4re Luigi Nono 90 Jahre alt geworden. Fast ein Vierteljahrhundert nach seinem Tod gilt er als einer der gr\u00f6ssten europ\u00e4ischen Komponisten seiner Zeit \u2013 und wird dennoch nur selten gespielt. Besonders selten zu erleben ist Nonos Opus magnum \u00abPrometeo\u00bb, das am 2. Juli 2014 im Rahmen der Festspiele Z\u00fcrich in der Tonhalle aufgef\u00fchrt wird. D<span style=\"font-family: arial,helvetica,sans-serif; font-size: small;\">as Konzert war innert kurzer Zeit ausverkauft.<br \/><\/span><\/span><\/p>\n<p><span style=\"font-family: arial,helvetica,sans-serif; font-size: small;\"><span style=\"font-family: arial,helvetica,sans-serif; font-size: small;\">\u00a0<\/span><\/span><\/p>\n<p><span style=\"font-family: arial,helvetica,sans-serif; font-size: small;\">Das Collegium Novum pr\u00e4sentiert im Rahmen des Schwerpunktes am 27. Juni eine \u00abOmaggio a Luigi Nono\u00bb, in dren Rahmen neben einem fr\u00fchen Werk zwei in zeitlicher N\u00e4he zum \u00abPrometeo\u00bb entstandene Kompositionen pr\u00e4sentiert werden. Kontrastiert wird dieses Pr\u00e4ludium zur \u00abPrometeo\u00bb-Auff\u00fchrung von einem Werk seines italienischen Landsmannes und Zeitgenossen Giacinto Scelsi. <\/span><\/p>\n<p><span style=\"font-family: arial,helvetica,sans-serif; font-size: small;\">\u00a0<\/span><\/p>\n<p><span style=\"font-family: arial,helvetica,sans-serif; font-size: small;\">Am 29. Juni l\u00e4sst sich im Vorfeld der Auff\u00fchrung des \u00abPrometeo\u00bb im Rahmen einer Matinee der Reihe \u00abWahlverwandtschaften Literatur und Musik\u00bb am 29. Juni erleben. Die Koproduktion von Literaturhaus Z\u00fcrich und Tonhalle-Orchester Z\u00fcrich geht im Kleinen Saal der Tonhalle den Anst\u00f6ssen nach, die Nono durch literarische Werke und die polyphone Vokalmusik der Renaissance erhalten hat. <\/span><\/p>\n<p><span style=\"font-family: arial,helvetica,sans-serif; font-size: small;\">\u00a0<\/span><\/p>\n<p><span style=\"font-family: arial,helvetica,sans-serif; font-size: small;\">Das Quatuor Diotima pr\u00e4sentiert am 1. Juli \u00abFragmente &#8211; Stille, an Diotima\u00bb. Anspruchsvoll ist das Werk nicht nur f\u00fcr die Interpreten, sondern auch f\u00fcr das Publikum, spielt es sich doch fast permanent an der Grenze zur Stille ab. Aus der Stille heraus tauchen punktuell fremdartige, aufgrund extremer Spieltechniken der Streicher fast elektronisch anmutende Klang-Inseln heraus. Am 1. Juli treten zwei Studierende der Z\u00fcrcher Hochschule der K\u00fcnste mit Nonos \u00ab&#8230; sofferte onde serene &#8230;\u00bb f\u00fcr Klavier und Tonband auf, das Nono f\u00fcr seinen Freund, den Pianisten Maurizio Pollini, nach der gemeinsamen Erfahrung des Verlustes engster Angeh\u00f6riger schrieb.<\/span><\/p>\n<p><span style=\"font-family: arial,helvetica,sans-serif; font-size: small;\">\u00a0<\/span><\/p>\n<p><span style=\"font-family: arial,helvetica,sans-serif; font-size: small;\">Die Festspiele Z\u00fcrich werden gemeinsam von Opernhaus Z\u00fcrich, Schauspielhaus Z\u00fcrich, Kunsthaus Z\u00fcrich, Tonhalle-Orchester Z\u00fcrich und weiteren Kulturinstitutionen der Stadt und des Kantons Z\u00fcrich veranstaltet. <em>(cf)<\/em> <\/span><\/p>\n<p><span style=\"font-family: arial,helvetica,sans-serif; font-size: small;\">\u00a0<\/span><\/p>\n<p>\u00a0<\/p>\n<p>\u00a0<\/p>\n","protected":false},"excerpt":{"rendered":"<p><span style=\"font-family: arial,helvetica,sans-serif; font-size: small;\">24.06.2014 &#8212; Die Festspiele Zu\u0308rich stehen heuer unter dem Motto \u00abPrometheus \u2013 Entfesselung der Kr\u00e4fte\u00bb, mit der Auff\u00fchrung von Luigi Nonos \u00abPrometeo\u00bb als Kernst\u00fcck. Die Tonhalle-Gesellschaft Z\u00fcrich nimmt dies zum Anlass, in ihrem Festspielprogramm einen thematischen Schwerpunkt auf den italienischen Komponisten zu legen.<\/span><\/p>\n","protected":false},"author":1,"featured_media":0,"comment_status":"open","ping_status":"open","sticky":false,"template":"","format":"standard","meta":{"footnotes":""},"categories":[2],"tags":[],"class_list":["post-1519","post","type-post","status-publish","format-standard","hentry","category-nachrichten","entry"],"_links":{"self":[{"href":"https:\/\/codexflores.ch\/index.php\/wp-json\/wp\/v2\/posts\/1519","targetHints":{"allow":["GET"]}}],"collection":[{"href":"https:\/\/codexflores.ch\/index.php\/wp-json\/wp\/v2\/posts"}],"about":[{"href":"https:\/\/codexflores.ch\/index.php\/wp-json\/wp\/v2\/types\/post"}],"author":[{"embeddable":true,"href":"https:\/\/codexflores.ch\/index.php\/wp-json\/wp\/v2\/users\/1"}],"replies":[{"embeddable":true,"href":"https:\/\/codexflores.ch\/index.php\/wp-json\/wp\/v2\/comments?post=1519"}],"version-history":[{"count":0,"href":"https:\/\/codexflores.ch\/index.php\/wp-json\/wp\/v2\/posts\/1519\/revisions"}],"wp:attachment":[{"href":"https:\/\/codexflores.ch\/index.php\/wp-json\/wp\/v2\/media?parent=1519"}],"wp:term":[{"taxonomy":"category","embeddable":true,"href":"https:\/\/codexflores.ch\/index.php\/wp-json\/wp\/v2\/categories?post=1519"},{"taxonomy":"post_tag","embeddable":true,"href":"https:\/\/codexflores.ch\/index.php\/wp-json\/wp\/v2\/tags?post=1519"}],"curies":[{"name":"wp","href":"https:\/\/api.w.org\/{rel}","templated":true}]}}