{"id":1521,"date":"2014-06-25T06:52:53","date_gmt":"2014-06-25T06:52:53","guid":{"rendered":"https:\/\/codexflores.ch\/index.php\/2014\/06\/25\/ein-dvorak-experiment-als-mediales-grossereignis\/"},"modified":"2014-06-25T06:52:53","modified_gmt":"2014-06-25T06:52:53","slug":"ein-dvorak-experiment-als-mediales-grossereignis","status":"publish","type":"post","link":"https:\/\/codexflores.ch\/index.php\/2014\/06\/25\/ein-dvorak-experiment-als-mediales-grossereignis\/","title":{"rendered":"Ein Dvo\u0159\u00e1k-Experiment als mediales Grossereignis"},"content":{"rendered":"<p><span style=\"font-family: arial,helvetica,sans-serif; font-size: small;\">25.06.2014 &#8212; ARD und Arte realisieren in Deutschland ein ungew\u00f6hnliches Musikvermittlungsprojekt: In ganz Deutschland k\u00f6nnen Sch\u00fcler am 19. September dank Livestreams und Rahmenprogramm gleichzeitig ein klassisches Konzert erleben.<\/span><\/p>\n<p><span style=\"font-family: arial,helvetica,sans-serif; font-size: small;\"><strong>25.06.2014 &#8212; ARD und Arte realisieren in Deutschland ein ungew\u00f6hnliches Musikvermittlungsprojekt: In ganz Deutschland k\u00f6nnen Sch\u00fcler am 19. September dank Livestreams und Rahmenprogramm gleichzeitig ein klassisches Konzert erleben.<\/strong><\/span><\/p>\n<p><span style=\"font-family: arial,helvetica,sans-serif; font-size: small;\">\u00a0<\/span><\/p>\n<p><span style=\"font-family: arial,helvetica,sans-serif; font-size: small;\">Am Vortag des Konzerts findet ein vom Musikrat initiiertes Symposium im ARD Hauptstadtstudio Berlin mit dem Titel \u00abMusikalische Bildung in Deutschland &#8211; Zeit zum Handeln\u00bb statt. Die Schulen bereiten das Projekt vor, beispielsweise durch zahlreiche von den Landesrundfunkanstalten der ARD angebotenen Projekte. Auch der Deutsche Musikrat informiert auf seiner Seite \u00fcber das Projekt. Das Musikvermittlungsprojekt will die ARD bei Erfolg im Jahr 2015 fortsetzen. (cf)<\/span><\/p>\n<p><span style=\"font-family: arial,helvetica,sans-serif; font-size: small;\">\u00a0<\/span><\/p>\n<p><span style=\"font-family: arial,helvetica,sans-serif; font-size: small;\"><strong>Webseite des Projektes:<\/strong> <a href=\"http:\/\/schulkonzert.ard.de\/ardschulkonzert\/index.html\" target=\"_blank\" rel=\"noopener noreferrer\">schulkonzert.ard.de\/ardschulkonzert\/index.html<\/a><\/span><\/p>\n","protected":false},"excerpt":{"rendered":"<p><span style=\"font-family: arial,helvetica,sans-serif; font-size: small;\">25.06.2014 &#8212; ARD und Arte realisieren in Deutschland ein ungew\u00f6hnliches Musikvermittlungsprojekt: In ganz Deutschland k\u00f6nnen Sch\u00fcler am 19. September dank Livestreams und Rahmenprogramm gleichzeitig ein klassisches Konzert erleben.<\/span><\/p>\n","protected":false},"author":1,"featured_media":0,"comment_status":"open","ping_status":"open","sticky":false,"template":"","format":"standard","meta":{"footnotes":""},"categories":[2],"tags":[],"class_list":["post-1521","post","type-post","status-publish","format-standard","hentry","category-nachrichten","entry"],"_links":{"self":[{"href":"https:\/\/codexflores.ch\/index.php\/wp-json\/wp\/v2\/posts\/1521","targetHints":{"allow":["GET"]}}],"collection":[{"href":"https:\/\/codexflores.ch\/index.php\/wp-json\/wp\/v2\/posts"}],"about":[{"href":"https:\/\/codexflores.ch\/index.php\/wp-json\/wp\/v2\/types\/post"}],"author":[{"embeddable":true,"href":"https:\/\/codexflores.ch\/index.php\/wp-json\/wp\/v2\/users\/1"}],"replies":[{"embeddable":true,"href":"https:\/\/codexflores.ch\/index.php\/wp-json\/wp\/v2\/comments?post=1521"}],"version-history":[{"count":0,"href":"https:\/\/codexflores.ch\/index.php\/wp-json\/wp\/v2\/posts\/1521\/revisions"}],"wp:attachment":[{"href":"https:\/\/codexflores.ch\/index.php\/wp-json\/wp\/v2\/media?parent=1521"}],"wp:term":[{"taxonomy":"category","embeddable":true,"href":"https:\/\/codexflores.ch\/index.php\/wp-json\/wp\/v2\/categories?post=1521"},{"taxonomy":"post_tag","embeddable":true,"href":"https:\/\/codexflores.ch\/index.php\/wp-json\/wp\/v2\/tags?post=1521"}],"curies":[{"name":"wp","href":"https:\/\/api.w.org\/{rel}","templated":true}]}}