{"id":1523,"date":"2014-06-26T06:33:32","date_gmt":"2014-06-26T06:33:32","guid":{"rendered":"https:\/\/codexflores.ch\/index.php\/2014\/06\/26\/haroutounian-ersetzt-in-australien-iveri\/"},"modified":"2014-06-26T06:33:32","modified_gmt":"2014-06-26T06:33:32","slug":"haroutounian-ersetzt-in-australien-iveri","status":"publish","type":"post","link":"https:\/\/codexflores.ch\/index.php\/2014\/06\/26\/haroutounian-ersetzt-in-australien-iveri\/","title":{"rendered":"Haroutounian ersetzt in Australien Iveri"},"content":{"rendered":"<p><span style=\"font-family: arial,helvetica,sans-serif; font-size: small;\">26.06.2014 &#8212; F\u00fcr die nach einer \u00c4ff\u00e4re rund um homophobe \u00c4usserungen auf Facebook von der Opera Australia f\u00fcr eine Otello-Produktion wieder ausgeladene georgische S\u00e4ngerin Tamar Iveri springt in Sydney die Armenierin Lianna Haroutounian ein, die in Z\u00fcrich diesen Februar in einer Don-Carlo-Produktion die Elisabetta gesungen hat.<\/span><\/p>\n<p><span style=\"font-family: arial,helvetica,sans-serif; font-size: small;\"><strong>26.06.2014 &#8212; F\u00fcr die nach einer \u00c4ff\u00e4re rund um homophobe \u00c4usserungen auf Facebook von der Opera Australia f\u00fcr eine otello-Produktion wieder ausgeladene georgische S\u00e4ngerin Tamar Iveri springt in Sydney die Armenierin Lianna Haroutounian ein, die in Z\u00fcrich diesen Februar in einer Don-Carlo-Produktion die Elisabetta gesungen hat.<\/strong><\/span><\/p>\n<p><span style=\"font-family: arial,helvetica,sans-serif; font-size: small;\">\u00a0<\/span><\/p>\n<p><span style=\"font-family: arial,helvetica,sans-serif; font-size: small;\">Haroutounian hat am Nationalen Konservatorium in Erevan Gesang studiert und ihre Ausbildung am Centre de Formation Lyrique de l&#8217;Op\u00e9ra-Bastille vervollst\u00e4ndigt. Meisterklassen hat sie bei Gr\u00f6ssen wie Christa Ludwig, Yvonne Minton, Luigi Alva, Yevgeny Nesterenko und Renata Scotto besucht. <\/span><\/p>\n<p>\u00a0<\/p>\n<p><span style=\"font-family: arial,helvetica,sans-serif; font-size: small;\">Die armenische Sopranistin hat sich auf den grossen Opernb\u00fchnen der Welt unter anderem als Verdi-Interpretin einen hervoragenden Namen gemacht. In der Schweiz wird sie in der gleichen Rolle wie in Z\u00fcrich Ende Juli im Rahmen des Verbier Festivals zu h\u00f6ren sein. <em>(cf)<\/em><\/span><\/p>\n<p><span style=\"font-family: arial,helvetica,sans-serif; font-size: small;\">\u00a0<\/span><\/p>\n","protected":false},"excerpt":{"rendered":"<p><span style=\"font-family: arial,helvetica,sans-serif; font-size: small;\">26.06.2014 &#8212; F\u00fcr die nach einer \u00c4ff\u00e4re rund um homophobe \u00c4usserungen auf Facebook von der Opera Australia f\u00fcr eine Otello-Produktion wieder ausgeladene georgische S\u00e4ngerin Tamar Iveri springt in Sydney die Armenierin Lianna Haroutounian ein, die in Z\u00fcrich diesen Februar in einer Don-Carlo-Produktion die Elisabetta gesungen hat.<\/span><\/p>\n","protected":false},"author":1,"featured_media":0,"comment_status":"open","ping_status":"open","sticky":false,"template":"","format":"standard","meta":{"footnotes":""},"categories":[2],"tags":[],"class_list":["post-1523","post","type-post","status-publish","format-standard","hentry","category-nachrichten","entry"],"_links":{"self":[{"href":"https:\/\/codexflores.ch\/index.php\/wp-json\/wp\/v2\/posts\/1523","targetHints":{"allow":["GET"]}}],"collection":[{"href":"https:\/\/codexflores.ch\/index.php\/wp-json\/wp\/v2\/posts"}],"about":[{"href":"https:\/\/codexflores.ch\/index.php\/wp-json\/wp\/v2\/types\/post"}],"author":[{"embeddable":true,"href":"https:\/\/codexflores.ch\/index.php\/wp-json\/wp\/v2\/users\/1"}],"replies":[{"embeddable":true,"href":"https:\/\/codexflores.ch\/index.php\/wp-json\/wp\/v2\/comments?post=1523"}],"version-history":[{"count":0,"href":"https:\/\/codexflores.ch\/index.php\/wp-json\/wp\/v2\/posts\/1523\/revisions"}],"wp:attachment":[{"href":"https:\/\/codexflores.ch\/index.php\/wp-json\/wp\/v2\/media?parent=1523"}],"wp:term":[{"taxonomy":"category","embeddable":true,"href":"https:\/\/codexflores.ch\/index.php\/wp-json\/wp\/v2\/categories?post=1523"},{"taxonomy":"post_tag","embeddable":true,"href":"https:\/\/codexflores.ch\/index.php\/wp-json\/wp\/v2\/tags?post=1523"}],"curies":[{"name":"wp","href":"https:\/\/api.w.org\/{rel}","templated":true}]}}