{"id":1525,"date":"2014-06-27T06:13:02","date_gmt":"2014-06-27T06:13:02","guid":{"rendered":"https:\/\/codexflores.ch\/index.php\/2014\/06\/27\/machover-schreibt-eine-sinfonie-der-stadt-luzern\/"},"modified":"2014-06-27T06:13:02","modified_gmt":"2014-06-27T06:13:02","slug":"machover-schreibt-eine-sinfonie-der-stadt-luzern","status":"publish","type":"post","link":"https:\/\/codexflores.ch\/index.php\/2014\/06\/27\/machover-schreibt-eine-sinfonie-der-stadt-luzern\/","title":{"rendered":"Machover schreibt eine Sinfonie der Stadt Luzern"},"content":{"rendered":"<p><span style=\"font-family: arial,helvetica,sans-serif; font-size: small;\">27.06.2014 &#8212; Am 1. August 2014 startet Lucerne Festival ein aussergew\u00f6hnliches Projekt f\u00fcr die Region Luzern: Gemeinsam mit den Luzernern erarbeitet der amerikanische Komponist Tod Machover eine Sinfonie als klingendes Portrait der Stadt.<\/span><\/p>\n<p><span style=\"font-family: arial,helvetica,sans-serif; font-size: small;\"><strong>Am 1. August 2014 startet ein aussergew\u00f6hnliches Projekt f\u00fcr die Region Luzern: Gemeinsam mit den Luzernern erarbeitet der amerikanische Komponist Tod Machover eine Sinfonie als klingendes Portrait der Stadt. <\/strong><\/span><\/p>\n<p><span style=\"font-family: arial,helvetica,sans-serif; font-size: small;\">\u00a0<\/span><\/p>\n<p><span style=\"font-family: arial,helvetica,sans-serif; font-size: small;\">Tod Machover, der am Massachusetts Institute of Technology in Boston (MIT) t\u00e4tig ist, hat es sich im Auftrag von Lucerne Festival zur Aufgabe gemacht, ab dem 1. August der Stadt und ihren Bewohnern zuzuh\u00f6ren, Kl\u00e4nge, Ger\u00e4usche und musikalische Ideen auf unterschiedlichste Weise zu sammeln und daraus eine Sinfonie f\u00fcr Orchester zu komponieren.<\/span><\/p>\n<p><span style=\"font-family: arial,helvetica,sans-serif; font-size: small;\">\u00a0<\/span><\/p>\n<p><span style=\"font-family: arial,helvetica,sans-serif; font-size: small;\">Die Urauff\u00fchrung findet am 5. September 2015 statt, mit dem Lucerne Festival Academy Orchestra unter der Leitung des Komponisten und Dirigenten Matthias Pintscher. Mitmachen und sich kreativ einbringen kann jeder, der einen Bezug zu Luzern hat \u2013 Alter und pers\u00f6nlicher musikalischer Background spielen dabei keine Rolle.<\/span><\/p>\n<p><span style=\"font-family: arial,helvetica,sans-serif; font-size: small;\">\u00a0<\/span><\/p>\n<p><span style=\"font-family: arial,helvetica,sans-serif; font-size: small;\">Auf einer Webseite, die Informationen und Updates zum Projekt bereitstellt, kann jeder ab dem 1. August seinen individuellen Sound-Beitrag uploaden. Geplant ist ausserdem eine kostenlose App, mit der man Ger\u00e4usche und Kl\u00e4nge per Smartphone aufzeichnen und direkt an den Komponisten \u00fcbermitteln kann. Wer mit der Welt des Internets und der Smartphones nicht vertraut ist, kann nat\u00fcrlich auch offline aktiv werden und dabei den Komponisten pers\u00f6nlich treffen. <em>(cf)<\/em><\/span><\/p>\n<p><span style=\"font-family: arial,helvetica,sans-serif; font-size: small;\"><em>\u00a0<\/em><\/span><\/p>\n<p><span style=\"font-family: arial,helvetica,sans-serif; font-size: small;\"><strong>Webseite des Projektes:<\/strong> <a href=\"http:\/\/www.sinfonief\u00fcrluzern.ch\" target=\"_blank\" rel=\"noopener noreferrer\">www.sinfonief\u00fcrluzern.ch<\/a><\/span><\/p>\n","protected":false},"excerpt":{"rendered":"<p><span style=\"font-family: arial,helvetica,sans-serif; font-size: small;\">27.06.2014 &#8212; Am 1. August 2014 startet Lucerne Festival ein aussergew\u00f6hnliches Projekt f\u00fcr die Region Luzern: Gemeinsam mit den Luzernern erarbeitet der amerikanische Komponist Tod Machover eine Sinfonie als klingendes Portrait der Stadt.<\/span><\/p>\n","protected":false},"author":1,"featured_media":0,"comment_status":"open","ping_status":"open","sticky":false,"template":"","format":"standard","meta":{"footnotes":""},"categories":[2],"tags":[],"class_list":["post-1525","post","type-post","status-publish","format-standard","hentry","category-nachrichten","entry"],"_links":{"self":[{"href":"https:\/\/codexflores.ch\/index.php\/wp-json\/wp\/v2\/posts\/1525","targetHints":{"allow":["GET"]}}],"collection":[{"href":"https:\/\/codexflores.ch\/index.php\/wp-json\/wp\/v2\/posts"}],"about":[{"href":"https:\/\/codexflores.ch\/index.php\/wp-json\/wp\/v2\/types\/post"}],"author":[{"embeddable":true,"href":"https:\/\/codexflores.ch\/index.php\/wp-json\/wp\/v2\/users\/1"}],"replies":[{"embeddable":true,"href":"https:\/\/codexflores.ch\/index.php\/wp-json\/wp\/v2\/comments?post=1525"}],"version-history":[{"count":0,"href":"https:\/\/codexflores.ch\/index.php\/wp-json\/wp\/v2\/posts\/1525\/revisions"}],"wp:attachment":[{"href":"https:\/\/codexflores.ch\/index.php\/wp-json\/wp\/v2\/media?parent=1525"}],"wp:term":[{"taxonomy":"category","embeddable":true,"href":"https:\/\/codexflores.ch\/index.php\/wp-json\/wp\/v2\/categories?post=1525"},{"taxonomy":"post_tag","embeddable":true,"href":"https:\/\/codexflores.ch\/index.php\/wp-json\/wp\/v2\/tags?post=1525"}],"curies":[{"name":"wp","href":"https:\/\/api.w.org\/{rel}","templated":true}]}}