{"id":1530,"date":"2014-06-30T06:03:44","date_gmt":"2014-06-30T06:03:44","guid":{"rendered":"https:\/\/codexflores.ch\/index.php\/2014\/06\/30\/deneve-chefdirigent-der-bruesseler-philharmoniker\/"},"modified":"2014-06-30T06:03:44","modified_gmt":"2014-06-30T06:03:44","slug":"deneve-chefdirigent-der-bruesseler-philharmoniker","status":"publish","type":"post","link":"https:\/\/codexflores.ch\/index.php\/2014\/06\/30\/deneve-chefdirigent-der-bruesseler-philharmoniker\/","title":{"rendered":"Den\u00e8ve Chefdirigent der Br\u00fcsseler Philharmoniker"},"content":{"rendered":"<p><span style=\"font-family: arial,helvetica,sans-serif; font-size: small;\">30.06.2014 &#8212; Die Br\u00fcsseler Philharmoniker (Brussels Philharmonic) haben St\u00e9phane Den\u00e8ve, den\u00a0Chefdirigenten beim Radio-Sinfonieorchester Stuttgart des SWR (RSO), per September 2015 zum n\u00e4chsten Chefdirigenten ernannt. Er l\u00f6st in dem Amt Michel Tabachnik ab. Zudem wird Den\u00e8ve erster Direktor des neu gegr\u00fcndeten Centre for Future Orchestral Repertoire (Cffor).<\/span><\/p>\n<p><span style=\"font-family: arial,helvetica,sans-serif; font-size: small;\"><strong>30.06.2014 &#8212;<\/strong> <strong>Die Br\u00fcsseler Philharmoniker (Brussels Philharmonic) haben St\u00e9phane Den\u00e8ve, den\u00a0Chefdirigenten beim Radio-Sinfonieorchester Stuttgart des SWR (RSO), per September 2015 zum n\u00e4chsten Chefdirigenten ernannt. Er l\u00f6st in dem Amt Michel Tabachnik ab. Zudem wird Den\u00e8ve erster Direktor des neu gegr\u00fcndeten Centre for Future Orchestral Repertoire (Cffor).<\/strong><\/span><\/p>\n<p><span style=\"font-family: arial,helvetica,sans-serif; font-size: small;\">\u00a0<\/span><\/p>\n<p><span style=\"font-family: arial,helvetica,sans-serif; font-size: small;\">Den\u00e8ve ist Absolvent des Pariser Konservatoriums, mit Abschluss 1995. Den Vertrag als Chefdirigent beim RSO hat er bis 2016 verl\u00e4ngert. Im September 2014 wird er \u00fcberdies erster Gastdirigent des Philadelphia Orchestra. Von 2005 bis 2012 war er Music Director des Royal Scottish National Orchestra in Glasgow.\u00a0<\/span><\/p>\n<p><span style=\"font-family: arial,helvetica,sans-serif; font-size: small;\">\u00a0<\/span><\/p>\n<p><span style=\"font-family: arial,helvetica,sans-serif; font-size: small;\">Das Cffor setzt sich zum Ziel, zeitgen\u00f6ssische sinfonische Kompositionen des 21. Jahrhunderts neu zu profilieren und Standards in Sachen Orchesterrepertoire zu setzen. Zun\u00e4chst werden in einer Datenbank Informationen \u00fcber Werke, die seit 2000 von professionellen Symphonieorchestern mit einer Besetzung von mindestens 60 Musikern uraufgef\u00fchrt wurden, zusammengestellt und im Internet frei zug\u00e4nglich gemacht.<\/span><\/p>\n<p><span style=\"font-family: arial,helvetica,sans-serif; font-size: small;\">\u00a0<\/span><\/p>\n<p><span style=\"font-family: arial,helvetica,sans-serif; font-size: small;\">Diese globale Digitalplattform des Cffor widmet sich ausschliesslich der F\u00f6rderung der besten Orchesterwerke des 21. Jahrhunderts. Ziel ist es, dass diese Werke mehr und mehr zum Standardrepertoire und somit einem grossen Publikum zug\u00e4nglich werden. <em>(cf)<\/em><\/span><\/p>\n","protected":false},"excerpt":{"rendered":"<p><span style=\"font-family: arial,helvetica,sans-serif; font-size: small;\">30.06.2014 &#8212; Die Br\u00fcsseler Philharmoniker (Brussels Philharmonic) haben St\u00e9phane Den\u00e8ve, den\u00a0Chefdirigenten beim Radio-Sinfonieorchester Stuttgart des SWR (RSO), per September 2015 zum n\u00e4chsten Chefdirigenten ernannt. Er l\u00f6st in dem Amt Michel Tabachnik ab. Zudem wird Den\u00e8ve erster Direktor des neu gegr\u00fcndeten Centre for Future Orchestral Repertoire (Cffor).<\/span><\/p>\n","protected":false},"author":1,"featured_media":0,"comment_status":"open","ping_status":"open","sticky":false,"template":"","format":"standard","meta":{"footnotes":""},"categories":[2],"tags":[],"class_list":["post-1530","post","type-post","status-publish","format-standard","hentry","category-nachrichten","entry"],"_links":{"self":[{"href":"https:\/\/codexflores.ch\/index.php\/wp-json\/wp\/v2\/posts\/1530","targetHints":{"allow":["GET"]}}],"collection":[{"href":"https:\/\/codexflores.ch\/index.php\/wp-json\/wp\/v2\/posts"}],"about":[{"href":"https:\/\/codexflores.ch\/index.php\/wp-json\/wp\/v2\/types\/post"}],"author":[{"embeddable":true,"href":"https:\/\/codexflores.ch\/index.php\/wp-json\/wp\/v2\/users\/1"}],"replies":[{"embeddable":true,"href":"https:\/\/codexflores.ch\/index.php\/wp-json\/wp\/v2\/comments?post=1530"}],"version-history":[{"count":0,"href":"https:\/\/codexflores.ch\/index.php\/wp-json\/wp\/v2\/posts\/1530\/revisions"}],"wp:attachment":[{"href":"https:\/\/codexflores.ch\/index.php\/wp-json\/wp\/v2\/media?parent=1530"}],"wp:term":[{"taxonomy":"category","embeddable":true,"href":"https:\/\/codexflores.ch\/index.php\/wp-json\/wp\/v2\/categories?post=1530"},{"taxonomy":"post_tag","embeddable":true,"href":"https:\/\/codexflores.ch\/index.php\/wp-json\/wp\/v2\/tags?post=1530"}],"curies":[{"name":"wp","href":"https:\/\/api.w.org\/{rel}","templated":true}]}}