{"id":1531,"date":"2014-06-30T06:21:52","date_gmt":"2014-06-30T06:21:52","guid":{"rendered":"https:\/\/codexflores.ch\/index.php\/2014\/06\/30\/ausblick-auf-die-saison-14-15-der-camerata-zuerich\/"},"modified":"2014-06-30T06:21:52","modified_gmt":"2014-06-30T06:21:52","slug":"ausblick-auf-die-saison-14-15-der-camerata-zuerich","status":"publish","type":"post","link":"https:\/\/codexflores.ch\/index.php\/2014\/06\/30\/ausblick-auf-die-saison-14-15-der-camerata-zuerich\/","title":{"rendered":"Ausblick auf die Saison 14\/15 der Camerata Z\u00fcrich"},"content":{"rendered":"<p><span style=\"font-family: arial,helvetica,sans-serif; font-size: small;\">30.06.2014 &#8212; In der kommenden Saison 2014\/15 empf\u00e4ngt die Camerata Z\u00fcrich G\u00e4ste wie das Hilliard Ensemble, den Bratschisten Lawrence Power, den \u00f6sterreichischen Komponisten Thomas Larcher und den estnischen Geiger Andres Mustonen. Auch ein Alphorn-Konzert von Jean-Luc Darbelley steht auf dem Programm.<\/span><\/p>\n<p><span style=\"font-family: arial,helvetica,sans-serif; font-size: small;\"><strong>30.06.2014 &#8212; In der kommenden Saison 2014\/15 empf\u00e4ngt die Camerata Z\u00fcrich G\u00e4ste wie das Hilliard Ensemble, den Bratschisten Lawrence Power, den \u00f6sterreichischen Komponisten Thomas Larcher und den estnischen Geiger Andres Mustonen. Auch ein Alphorn-Konzert von Jean-Luc Darbelley steht auf dem Programm.<\/strong><\/span><\/p>\n<p><span style=\"font-family: arial,helvetica,sans-serif; font-size: small;\">\u00a0<\/span><\/p>\n<p><span style=\"font-family: arial,helvetica,sans-serif; font-size: small;\">Die Saison er\u00f6ffnet die Camerata Z\u00fcrich am 20. September mit dem Abschiedskonzert des Hilliard Ensembles vom Schweizer Publikum. Nach einer jahrzehntelangen Weltkarriere beendet das britische Vokalensemble seine Konzertt\u00e4tigkeit am Ende des Jahres. Zwei Schweizer Erstauff\u00fchrungen der Komponisten Alexander Raskatov und Gavin Bryars, erklingen in diesem Konzert. Im Lauf der Saison erklingen unter anderem Werke von Larcher, Britten, Purcell, Haydn, Mendelssohn, Andrzej Panufnik, Grieg, P\u00e4rt, Rota, Telemann, Kancheli und Beethoven. <\/span><\/p>\n<p>\u00a0<\/p>\n<p><span style=\"font-family: arial,helvetica,sans-serif; font-size: small;\">Mit der Auff\u00fchrung des Alphorn-Konzertes von Jean-Luc Darbelley wird auch in dieser Saison das Schaffen der Schweizer Komponisten gef\u00f6rdert. Die Musikvermittlung wird weiterhin eine wesentliche Rolle in der T\u00e4tigkeit des Orchesters spielen. Auch in der kommenden Saison werden \u00fcber hundert Kinder und Jugendliche im Camerata Club das Orchester und seine Produktionen begleiten. Zum siebten Mal wird der Kompositionswettbewerb f\u00fcr Kinder und Jugendliche durchgef\u00fchrt.\u00a0<\/span><\/p>\n<p><span style=\"font-family: arial,helvetica,sans-serif; font-size: small;\">\u00a0<\/span><\/p>\n<p><span style=\"font-family: arial,helvetica,sans-serif; font-size: small;\">Thomas Demenga hat seinen Vertrag als k\u00fcnstlerischer Leiter der Camerata Z\u00fcrich um weitere drei Jahren bis 2017 verl\u00e4ngert. In der Saison 2013\/14 habe die Camarata Z\u00fcrich die Auslastung ihrer Konzerte mit einem Durchschnitt von 70 Prozent im Vergleich mit dem Vorjahr verdoppelt, schreiben die Verantwortlichen. Das Orchester folgte Einladungen an nationale und internationale Festivals wie Huddersfield Contemporary Music Festival (GB), Musikfestwoche Meiringen und Murten Classics. <em>(cf)<\/em><\/span><\/p>\n<p><span style=\"font-family: arial,helvetica,sans-serif; font-size: small;\"><em>\u00a0<\/em><\/span><\/p>\n<p><span style=\"font-family: arial,helvetica,sans-serif; font-size: small;\"><strong>Mehr Infos:<\/strong> <a href=\"http:\/\/www.cameratazuerich.ch\" target=\"_blank\" rel=\"noopener noreferrer\">www.cameratazuerich.ch<\/a><\/span><\/p>\n","protected":false},"excerpt":{"rendered":"<p><span style=\"font-family: arial,helvetica,sans-serif; font-size: small;\">30.06.2014 &#8212; In der kommenden Saison 2014\/15 empf\u00e4ngt die Camerata Z\u00fcrich G\u00e4ste wie das Hilliard Ensemble, den Bratschisten Lawrence Power, den \u00f6sterreichischen Komponisten Thomas Larcher und den estnischen Geiger Andres Mustonen. Auch ein Alphorn-Konzert von Jean-Luc Darbelley steht auf dem Programm.<\/span><\/p>\n","protected":false},"author":1,"featured_media":0,"comment_status":"open","ping_status":"open","sticky":false,"template":"","format":"standard","meta":{"footnotes":""},"categories":[2],"tags":[],"class_list":["post-1531","post","type-post","status-publish","format-standard","hentry","category-nachrichten","entry"],"_links":{"self":[{"href":"https:\/\/codexflores.ch\/index.php\/wp-json\/wp\/v2\/posts\/1531","targetHints":{"allow":["GET"]}}],"collection":[{"href":"https:\/\/codexflores.ch\/index.php\/wp-json\/wp\/v2\/posts"}],"about":[{"href":"https:\/\/codexflores.ch\/index.php\/wp-json\/wp\/v2\/types\/post"}],"author":[{"embeddable":true,"href":"https:\/\/codexflores.ch\/index.php\/wp-json\/wp\/v2\/users\/1"}],"replies":[{"embeddable":true,"href":"https:\/\/codexflores.ch\/index.php\/wp-json\/wp\/v2\/comments?post=1531"}],"version-history":[{"count":0,"href":"https:\/\/codexflores.ch\/index.php\/wp-json\/wp\/v2\/posts\/1531\/revisions"}],"wp:attachment":[{"href":"https:\/\/codexflores.ch\/index.php\/wp-json\/wp\/v2\/media?parent=1531"}],"wp:term":[{"taxonomy":"category","embeddable":true,"href":"https:\/\/codexflores.ch\/index.php\/wp-json\/wp\/v2\/categories?post=1531"},{"taxonomy":"post_tag","embeddable":true,"href":"https:\/\/codexflores.ch\/index.php\/wp-json\/wp\/v2\/tags?post=1531"}],"curies":[{"name":"wp","href":"https:\/\/api.w.org\/{rel}","templated":true}]}}