{"id":1532,"date":"2014-06-30T08:44:37","date_gmt":"2014-06-30T08:44:37","guid":{"rendered":"https:\/\/codexflores.ch\/index.php\/2014\/06\/30\/lessmann-erhaelt-preis-fuer-zeitgenoessische-musikpublizistik\/"},"modified":"2014-06-30T08:44:37","modified_gmt":"2014-06-30T08:44:37","slug":"lessmann-erhaelt-preis-fuer-zeitgenoessische-musikpublizistik","status":"publish","type":"post","link":"https:\/\/codexflores.ch\/index.php\/2014\/06\/30\/lessmann-erhaelt-preis-fuer-zeitgenoessische-musikpublizistik\/","title":{"rendered":"Lessmann erh\u00e4lt Preis f\u00fcr zeitgen\u00f6ssische Musikpublizistik"},"content":{"rendered":"<p><span style=\"font-family: arial,helvetica,sans-serif; font-size: small;\">30.06.2014 &#8212; Der Reinhard Schulz-Preis f\u00fcr zeitgen\u00f6ssische Musikpublizistik 2014 geht an Leipziger Publizisten Benedikt Lessmann. Verliehen wird er am 13. August 2014 w\u00e4hrend der 47. Internationalen Ferienkurse f\u00fcr Neue Musik Darmstadt.<\/span><\/p>\n<p><span style=\"font-family: arial,helvetica,sans-serif; font-size: small;\"><strong>30.06.2014 &#8212; Der Reinhard Schulz-Preis f\u00fcr zeitgen\u00f6ssische Musikpublizistik 2014 geht an Leipziger Publizisten Benedikt Lessmann. Verliehen wird er am 13. August 2014 w\u00e4hrend der 47. Internationalen Ferienkurse f\u00fcr Neue Musik Darmstadt.<\/strong><\/span><\/p>\n<p>\u00a0<\/p>\n<p><span style=\"font-family: arial,helvetica,sans-serif; font-size: small;\">Benedikt Lessmann, 1984 in Marsberg geboren, ist wissenschaftlicher Mitarbeiter am Institut f\u00fcr Musikwissenschaft der Universit\u00e4t Leipzig und arbeitet seit 2009 als freier Journalist und Autor. Vor allem seine regelm\u00e4ssigen Beitr\u00e4ge f\u00fcr die Leipziger Volkszeitung haben die Jury \u00fcberzeugt.<\/span><\/p>\n<p>\u00a0<\/p>\n<p><span style=\"font-family: arial,helvetica,sans-serif; font-size: small;\">Ziel des Reinhard Schulz-Preises f\u00fcr zeitgen\u00f6ssische Musikpublizistik ist es, junge Musikschriftsteller zu f\u00f6rdern, die sich intensiv mit der Neuen Musik besch\u00e4ftigen und in den Medien dar\u00fcber berichten. Die Preistr\u00e4ger erhalten neben dem<\/span> <span style=\"font-family: arial,helvetica,sans-serif; font-size: small;\">Preisgeld in H\u00f6he von 3000 Euro Publikationsm\u00f6glichkeiten in Kooperation mit BR-Klassik, neue musikzeitung (nmz),<\/span> <span style=\"font-family: arial,helvetica,sans-serif; font-size: small;\">Klangspuren Schwaz, Neue Zeitschrift f\u00fcr Musik (NZfM), Oper Stuttgart, Lucerne Festival, Donaueschinger Musiktage, Deutschlandfunk, Landesmusikrat Th\u00fcringen und dem M\u00fcnchener Kammerorchester. <em>(cf)<\/em><\/span><\/p>\n<p>\u00a0<\/p>\n<p>\u00a0<\/p>\n","protected":false},"excerpt":{"rendered":"<p><span style=\"font-family: arial,helvetica,sans-serif; font-size: small;\">30.06.2014 &#8212; Der Reinhard Schulz-Preis f\u00fcr zeitgen\u00f6ssische Musikpublizistik 2014 geht an Leipziger Publizisten Benedikt Lessmann. Verliehen wird er am 13. August 2014 w\u00e4hrend der 47. Internationalen Ferienkurse f\u00fcr Neue Musik Darmstadt.<\/span><\/p>\n","protected":false},"author":1,"featured_media":0,"comment_status":"open","ping_status":"open","sticky":false,"template":"","format":"standard","meta":{"footnotes":""},"categories":[2],"tags":[],"class_list":["post-1532","post","type-post","status-publish","format-standard","hentry","category-nachrichten","entry"],"_links":{"self":[{"href":"https:\/\/codexflores.ch\/index.php\/wp-json\/wp\/v2\/posts\/1532","targetHints":{"allow":["GET"]}}],"collection":[{"href":"https:\/\/codexflores.ch\/index.php\/wp-json\/wp\/v2\/posts"}],"about":[{"href":"https:\/\/codexflores.ch\/index.php\/wp-json\/wp\/v2\/types\/post"}],"author":[{"embeddable":true,"href":"https:\/\/codexflores.ch\/index.php\/wp-json\/wp\/v2\/users\/1"}],"replies":[{"embeddable":true,"href":"https:\/\/codexflores.ch\/index.php\/wp-json\/wp\/v2\/comments?post=1532"}],"version-history":[{"count":0,"href":"https:\/\/codexflores.ch\/index.php\/wp-json\/wp\/v2\/posts\/1532\/revisions"}],"wp:attachment":[{"href":"https:\/\/codexflores.ch\/index.php\/wp-json\/wp\/v2\/media?parent=1532"}],"wp:term":[{"taxonomy":"category","embeddable":true,"href":"https:\/\/codexflores.ch\/index.php\/wp-json\/wp\/v2\/categories?post=1532"},{"taxonomy":"post_tag","embeddable":true,"href":"https:\/\/codexflores.ch\/index.php\/wp-json\/wp\/v2\/tags?post=1532"}],"curies":[{"name":"wp","href":"https:\/\/api.w.org\/{rel}","templated":true}]}}