{"id":1535,"date":"2014-07-01T07:25:13","date_gmt":"2014-07-01T07:25:13","guid":{"rendered":"https:\/\/codexflores.ch\/index.php\/2014\/07\/01\/dvorak-alfred-erstmals-in-deutsch\/"},"modified":"2014-07-01T07:25:13","modified_gmt":"2014-07-01T07:25:13","slug":"dvorak-alfred-erstmals-in-deutsch","status":"publish","type":"post","link":"https:\/\/codexflores.ch\/index.php\/2014\/07\/01\/dvorak-alfred-erstmals-in-deutsch\/","title":{"rendered":"Dvo\u0159\u00e1k \u00abAlfred\u00bb erstmals in Deutsch"},"content":{"rendered":"<p><span style=\"font-family: arial,helvetica,sans-serif; font-size: small;\">01.07.2014 &#8212; Dvo\u0159\u00e1k hat eine Oper, \u00abAlfred\u00bb, zu einem deutschen Originallibretto von Karl Theodor Korner verfasst, die bislang bloss in tschechischer \u00dcbersetzung aufgef\u00fchrt worden ist. Nun kommt es zur Urauff\u00fchrung des Originals in deutscher Sprache.<\/span><\/p>\n<p><strong><span style=\"font-family: arial,helvetica,sans-serif; font-size: small;\">01.07.2014 &#8212;\u00a0Dvo\u0159\u00e1k hat eine Oper, \u00abAlfred\u00bb, zu einem deutschen Originallibretto von Karl Theodor Korner verfasst, die bislang bloss in tschechischer \u00dcbersetzung aufgef\u00fchrt worden ist. Nun kommt es zur Urauff\u00fchrung des Originals in deutscher Sprache.<\/span><\/strong><\/p>\n<p>\u00a0<\/p>\n<p><span style=\"font-family: arial,helvetica,sans-serif; font-size: small;\">Realisiert wird die Produktion im Prager Rudolfinum, im Rahmen eines internationalen Dvo\u0159\u00e1k-Festivals im kommenden September. Premiere ist am 17. September. Das Tschechische Radiosinfonieorchester wird dirigiert von\u00a0Heiko Mathias F\u00f6rster. Der Chor der Tschechischen Philharmonie von Brno wird vorbereitet von Petr Fiala. <em>(cf)<\/em><\/span><\/p>\n<p>\u00a0<\/p>\n<p>\u00a0<\/p>\n","protected":false},"excerpt":{"rendered":"<p><span style=\"font-family: arial,helvetica,sans-serif; font-size: small;\">01.07.2014 &#8212; Dvo\u0159\u00e1k hat eine Oper, \u00abAlfred\u00bb, zu einem deutschen Originallibretto von Karl Theodor Korner verfasst, die bislang bloss in tschechischer \u00dcbersetzung aufgef\u00fchrt worden ist. Nun kommt es zur Urauff\u00fchrung des Originals in deutscher Sprache.<\/span><\/p>\n","protected":false},"author":1,"featured_media":0,"comment_status":"open","ping_status":"open","sticky":false,"template":"","format":"standard","meta":{"footnotes":""},"categories":[2],"tags":[],"class_list":["post-1535","post","type-post","status-publish","format-standard","hentry","category-nachrichten","entry"],"_links":{"self":[{"href":"https:\/\/codexflores.ch\/index.php\/wp-json\/wp\/v2\/posts\/1535","targetHints":{"allow":["GET"]}}],"collection":[{"href":"https:\/\/codexflores.ch\/index.php\/wp-json\/wp\/v2\/posts"}],"about":[{"href":"https:\/\/codexflores.ch\/index.php\/wp-json\/wp\/v2\/types\/post"}],"author":[{"embeddable":true,"href":"https:\/\/codexflores.ch\/index.php\/wp-json\/wp\/v2\/users\/1"}],"replies":[{"embeddable":true,"href":"https:\/\/codexflores.ch\/index.php\/wp-json\/wp\/v2\/comments?post=1535"}],"version-history":[{"count":0,"href":"https:\/\/codexflores.ch\/index.php\/wp-json\/wp\/v2\/posts\/1535\/revisions"}],"wp:attachment":[{"href":"https:\/\/codexflores.ch\/index.php\/wp-json\/wp\/v2\/media?parent=1535"}],"wp:term":[{"taxonomy":"category","embeddable":true,"href":"https:\/\/codexflores.ch\/index.php\/wp-json\/wp\/v2\/categories?post=1535"},{"taxonomy":"post_tag","embeddable":true,"href":"https:\/\/codexflores.ch\/index.php\/wp-json\/wp\/v2\/tags?post=1535"}],"curies":[{"name":"wp","href":"https:\/\/api.w.org\/{rel}","templated":true}]}}