{"id":1537,"date":"2014-07-02T06:20:16","date_gmt":"2014-07-02T06:20:16","guid":{"rendered":"https:\/\/codexflores.ch\/index.php\/2014\/07\/02\/ammann-composer-in-residence-in-hitzacker-und-gstaad\/"},"modified":"2014-07-02T06:20:16","modified_gmt":"2014-07-02T06:20:16","slug":"ammann-composer-in-residence-in-hitzacker-und-gstaad","status":"publish","type":"post","link":"https:\/\/codexflores.ch\/index.php\/2014\/07\/02\/ammann-composer-in-residence-in-hitzacker-und-gstaad\/","title":{"rendered":"Ammann Composer in Residence in Hitzacker und Gstaad"},"content":{"rendered":"<p><span style=\"font-family: arial,helvetica,sans-serif; font-size: small;\">02.07.2014 &#8212; Der Aargauer Komponist Dieter Ammann ist auch in diesem Sommer ein gefragter Mann. Er amtet gleich an zwei Festivals als Composer in Residence: Bei den Sommerlichen Musiktagen 2014 in Hitzacker und beim Menuhin Festival &amp; Academy Gstaad.<\/span><\/p>\n<p><span style=\"font-family: arial,helvetica,sans-serif; font-size: small;\"><strong>02.07.2014 &#8212; Der Aargauer Komponist Dieter Ammann ist auch in diesem Sommer ein gefragter Mann. Er amtet gleich an zwei Festivals als Composer in Residence: Bei den Sommerlichen Musiktagen 2014 in Hitzacker und beim Menuhin Festival &amp; Academy Gstaad.<\/strong><\/span><\/p>\n<p><span style=\"font-family: arial,helvetica,sans-serif; font-size: small;\">\u00a0<\/span><\/p>\n<p><span style=\"font-family: arial,helvetica,sans-serif; font-size: small;\">Beim Kammermusikfestival im \u00f6stlichen Niedersachsen werden zwischen dem 26. Juli und dem 3. August in mehreren Konzerten Werke Ammanns zu h\u00f6ren sein. Ausserdem ist Ammann in einer Late Night Lounge als Jazz-Trompeter zu h\u00f6ren. <\/span><br \/><span style=\"font-family: arial,helvetica,sans-serif; font-size: small;\">\u00a0 <\/span><br \/><span style=\"font-family: arial,helvetica,sans-serif; font-size: small;\">Nur wenige Tage sp\u00e4ter ist Ammann Composer in Residence beim Menuhin Festival &amp; Academy Gstaad. In der ersten Woche der Conducting Academy (7.\u201313. August 2014) wird er die Dirigierstudenten in sein im Jahr 2000 komponiertes Werk f\u00fcr Kammerorchester <em>Grooves \u2013 fitting one<\/em> einf\u00fchren. Das Werk wird im Rahmen des ersten Abschlusskonzerts am 13. August in Ch\u00e2teau-d&#8217;Oex gespielt.\u00a0 <em>(cf)<\/em><\/span><\/p>\n<p><span style=\"font-family: arial,helvetica,sans-serif; font-size: small;\">\u00a0<\/span><\/p>\n<p><span style=\"font-family: arial,helvetica,sans-serif; font-size: small;\"><strong>Mehr Infos:<\/strong><\/span><br \/><span style=\"font-family: arial,helvetica,sans-serif; font-size: small;\"><a href=\"http:\/\/musiktage-hitzacker.de\" target=\"_blank\" rel=\"noopener noreferrer\">musiktage-hitzacker.de<\/a><\/span><br \/><span style=\"font-family: arial,helvetica,sans-serif; font-size: small;\"><a href=\"http:\/\/www.gstaadacademy.ch\" target=\"_blank\" rel=\"noopener noreferrer\">www.gstaadacademy.ch<\/a><\/span><\/p>\n","protected":false},"excerpt":{"rendered":"<p><span style=\"font-family: arial,helvetica,sans-serif; font-size: small;\">02.07.2014 &#8212; Der Aargauer Komponist Dieter Ammann ist auch in diesem Sommer ein gefragter Mann. Er amtet gleich an zwei Festivals als Composer in Residence: Bei den Sommerlichen Musiktagen 2014 in Hitzacker und beim Menuhin Festival &amp; Academy Gstaad.<\/span><\/p>\n","protected":false},"author":1,"featured_media":0,"comment_status":"open","ping_status":"open","sticky":false,"template":"","format":"standard","meta":{"footnotes":""},"categories":[2],"tags":[],"class_list":["post-1537","post","type-post","status-publish","format-standard","hentry","category-nachrichten","entry"],"_links":{"self":[{"href":"https:\/\/codexflores.ch\/index.php\/wp-json\/wp\/v2\/posts\/1537","targetHints":{"allow":["GET"]}}],"collection":[{"href":"https:\/\/codexflores.ch\/index.php\/wp-json\/wp\/v2\/posts"}],"about":[{"href":"https:\/\/codexflores.ch\/index.php\/wp-json\/wp\/v2\/types\/post"}],"author":[{"embeddable":true,"href":"https:\/\/codexflores.ch\/index.php\/wp-json\/wp\/v2\/users\/1"}],"replies":[{"embeddable":true,"href":"https:\/\/codexflores.ch\/index.php\/wp-json\/wp\/v2\/comments?post=1537"}],"version-history":[{"count":0,"href":"https:\/\/codexflores.ch\/index.php\/wp-json\/wp\/v2\/posts\/1537\/revisions"}],"wp:attachment":[{"href":"https:\/\/codexflores.ch\/index.php\/wp-json\/wp\/v2\/media?parent=1537"}],"wp:term":[{"taxonomy":"category","embeddable":true,"href":"https:\/\/codexflores.ch\/index.php\/wp-json\/wp\/v2\/categories?post=1537"},{"taxonomy":"post_tag","embeddable":true,"href":"https:\/\/codexflores.ch\/index.php\/wp-json\/wp\/v2\/tags?post=1537"}],"curies":[{"name":"wp","href":"https:\/\/api.w.org\/{rel}","templated":true}]}}