{"id":1542,"date":"2014-07-03T06:28:30","date_gmt":"2014-07-03T06:28:30","guid":{"rendered":"https:\/\/codexflores.ch\/index.php\/2014\/07\/03\/broennimann-leitet-orquestra-sinfonica-do-porto\/"},"modified":"2014-07-03T06:28:30","modified_gmt":"2014-07-03T06:28:30","slug":"broennimann-leitet-orquestra-sinfonica-do-porto","status":"publish","type":"post","link":"https:\/\/codexflores.ch\/index.php\/2014\/07\/03\/broennimann-leitet-orquestra-sinfonica-do-porto\/","title":{"rendered":"Br\u00f6nnimann leitet Orquestra Sinf\u00f3nica do Porto"},"content":{"rendered":"<p><span style=\"font-family: arial,helvetica,sans-serif; font-size: small;\">03.07.2014 &#8212; Der vornehmlich im Ausland t\u00e4tige Schweizer Dirigent Baldur Br\u00f6nnimann wird ab Januar 2015 Leiter des portugiesischen Orquestra Sinf\u00f3nica do Porto Casa da M\u00fasica. Er folgt in dem Amt auf Christoph K\u00f6nig.<\/span><\/p>\n<p>\u00a0<\/p>\n<p><span style=\"font-family: arial,helvetica,sans-serif; font-size: small;\"><strong>03.07.2014 &#8212; Der vornehmlich im Ausland t\u00e4tige Schweizer Dirigent Baldur Br\u00f6nnimann wird ab Januar 2015 Leiter des portugiesischen Orquestra Sinf\u00f3nica do Porto Casa da M\u00fasica. Er folgt in dem Amt auf Christoph K\u00f6nig.<\/strong><\/span><\/p>\n<p>\u00a0<\/p>\n<p><span style=\"font-family: arial,helvetica,sans-serif; font-size: small;\">Br\u00f6nnimann hat an der Musikakademie in Basel und am Royal Northern College of Music in Manchester studiert. In Manchester amtet er auch als Gastlektor im Fach Dirigieren. Er unterh\u00e4lt eine enge Beziehung zum Auckland Philharmonia Orchestra, das er mindestens einmal j\u00e4hrlich dirigiert und mit dem er ein breitgef\u00e4chertes Repertoire mit Solisten wie Midori und Brett Dean erarbeitet hat; und er feierte j\u00fcngst sein erfolgreiches Debut als Dirigent des Tasmanian Symphony Orchestra.<\/span><\/p>\n<p>\u00a0<\/p>\n<p><span style=\"font-family: arial,helvetica,sans-serif; font-size: small;\">Bis Dezember 2012 war er musikalischer Leiter des Nationalen Sinfonieorchesters von Kolumbien in Bogot\u00e1. 2011 wurde er zum k\u00fcnstlerischen Leiter des norwegischen Ensembles f\u00fcr zeitgen\u00f6ssische Musik BIT20 ernannt.<em> (cf)<\/em><\/span><\/p>\n<p>\u00a0<\/p>\n<p>\u00a0<\/p>\n","protected":false},"excerpt":{"rendered":"<p><span style=\"font-family: arial,helvetica,sans-serif; font-size: small;\">03.07.2014 &#8212; Der vornehmlich im Ausland t\u00e4tige Schweizer Dirigent Baldur Br\u00f6nnimann wird ab Januar 2015 Leiter des portugiesischen Orquestra Sinf\u00f3nica do Porto Casa da M\u00fasica. Er folgt in dem Amt auf Christoph K\u00f6nig.<\/span><\/p>\n","protected":false},"author":1,"featured_media":0,"comment_status":"open","ping_status":"open","sticky":false,"template":"","format":"standard","meta":{"footnotes":""},"categories":[2],"tags":[],"class_list":["post-1542","post","type-post","status-publish","format-standard","hentry","category-nachrichten","entry"],"_links":{"self":[{"href":"https:\/\/codexflores.ch\/index.php\/wp-json\/wp\/v2\/posts\/1542","targetHints":{"allow":["GET"]}}],"collection":[{"href":"https:\/\/codexflores.ch\/index.php\/wp-json\/wp\/v2\/posts"}],"about":[{"href":"https:\/\/codexflores.ch\/index.php\/wp-json\/wp\/v2\/types\/post"}],"author":[{"embeddable":true,"href":"https:\/\/codexflores.ch\/index.php\/wp-json\/wp\/v2\/users\/1"}],"replies":[{"embeddable":true,"href":"https:\/\/codexflores.ch\/index.php\/wp-json\/wp\/v2\/comments?post=1542"}],"version-history":[{"count":0,"href":"https:\/\/codexflores.ch\/index.php\/wp-json\/wp\/v2\/posts\/1542\/revisions"}],"wp:attachment":[{"href":"https:\/\/codexflores.ch\/index.php\/wp-json\/wp\/v2\/media?parent=1542"}],"wp:term":[{"taxonomy":"category","embeddable":true,"href":"https:\/\/codexflores.ch\/index.php\/wp-json\/wp\/v2\/categories?post=1542"},{"taxonomy":"post_tag","embeddable":true,"href":"https:\/\/codexflores.ch\/index.php\/wp-json\/wp\/v2\/tags?post=1542"}],"curies":[{"name":"wp","href":"https:\/\/api.w.org\/{rel}","templated":true}]}}