{"id":1543,"date":"2014-07-03T14:31:02","date_gmt":"2014-07-03T14:31:02","guid":{"rendered":"https:\/\/codexflores.ch\/index.php\/2014\/07\/03\/tod-des-dirigenten-christoph-stepp\/"},"modified":"2014-07-03T14:31:02","modified_gmt":"2014-07-03T14:31:02","slug":"tod-des-dirigenten-christoph-stepp","status":"publish","type":"post","link":"https:\/\/codexflores.ch\/index.php\/2014\/07\/03\/tod-des-dirigenten-christoph-stepp\/","title":{"rendered":"Tod des Dirigenten Christoph Stepp"},"content":{"rendered":"<p><span style=\"font-family: arial,helvetica,sans-serif; font-size: small;\">03.07.2014 &#8212; Christoph Stepp, der in den 1990er-Jahren als Chefdirigent der M\u00fcnchner Symphoniker amtete, ist im Alter von 86 Jahren gestern gestorben.<\/span><\/p>\n<p><strong><span style=\"font-family: arial,helvetica,sans-serif; font-size: small;\">03.07.2014 &#8212; Christoph Stepp, der in den 1990er-Jahren als Chefdirigent der M\u00fcnchner Symphoniker amtete, ist im Alter von 86 Jahren gestern gestorben.<\/span><\/strong><\/p>\n<p><span style=\"font-family: arial,helvetica,sans-serif; font-size: small;\">\u00a0<\/span><\/p>\n<p><span style=\"font-family: arial,helvetica,sans-serif; font-size: small;\">Christoph Stepp wurde 1927 in Breslau geboren und wuchs in M\u00fcnchen auf, wo er Ende der 1940er Jahre die Staatliche Hochschule f\u00fcr Musik besuchte. Nach dem Staatsexamen gr\u00fcndete er 1950 das M\u00fcnchner Kammerorchester, dem er bis 1956 als Chefdirigent vorstand. Sodann wechselte er als Kapellmeister zur Staatsoper M\u00fcnchen und danach zu den St\u00e4dtischen B\u00fchnen Augsburg. 1960 \u00fcbernahm der erst 33-J\u00e4hrige die Leitung des Philharmonischen Orchesters der Pfalz. <\/span><\/p>\n<p>\u00a0<\/p>\n<p><span style=\"font-family: arial,helvetica,sans-serif; font-size: small;\">Unter seiner Leitung erlebte das Philharmonische Orchester der Pfalz in den 60er Jahren einen k\u00fcnstlerischen Aufschwung. Ab 1980 f\u00fchrte Stepp die Remscheider Symphoniker als Generalmusikdirektor zu \u00fcberregionalen Erfolgen. Von 1990 bis 1996 \u00fcbernahm er die Position des Chefdirigenten des Symphonie-Orchesters Graunke und initiierte dort auch die Umbenennung des Orchesters in M\u00fcnchner Symphoniker (1990). <\/span><\/p>\n<p>\u00a0<\/p>\n<p><span style=\"font-family: arial,helvetica,sans-serif; font-size: small;\">Als Gastdirigent gab er zahlreiche Konzerte mit bedeutenden Orchestern des In- und Auslandes, leitete internationale Dirigentenkurse und war Honorarprofessor der Kunitachi-Musikhochschule in Tokyo. <em>(pd)<\/em><\/span><\/p>\n<p>\u00a0<\/p>\n","protected":false},"excerpt":{"rendered":"<p><span style=\"font-family: arial,helvetica,sans-serif; font-size: small;\">03.07.2014 &#8212; Christoph Stepp, der in den 1990er-Jahren als Chefdirigent der M\u00fcnchner Symphoniker amtete, ist im Alter von 86 Jahren gestern gestorben.<\/span><\/p>\n","protected":false},"author":1,"featured_media":0,"comment_status":"open","ping_status":"open","sticky":false,"template":"","format":"standard","meta":{"footnotes":""},"categories":[2],"tags":[],"class_list":["post-1543","post","type-post","status-publish","format-standard","hentry","category-nachrichten","entry"],"_links":{"self":[{"href":"https:\/\/codexflores.ch\/index.php\/wp-json\/wp\/v2\/posts\/1543","targetHints":{"allow":["GET"]}}],"collection":[{"href":"https:\/\/codexflores.ch\/index.php\/wp-json\/wp\/v2\/posts"}],"about":[{"href":"https:\/\/codexflores.ch\/index.php\/wp-json\/wp\/v2\/types\/post"}],"author":[{"embeddable":true,"href":"https:\/\/codexflores.ch\/index.php\/wp-json\/wp\/v2\/users\/1"}],"replies":[{"embeddable":true,"href":"https:\/\/codexflores.ch\/index.php\/wp-json\/wp\/v2\/comments?post=1543"}],"version-history":[{"count":0,"href":"https:\/\/codexflores.ch\/index.php\/wp-json\/wp\/v2\/posts\/1543\/revisions"}],"wp:attachment":[{"href":"https:\/\/codexflores.ch\/index.php\/wp-json\/wp\/v2\/media?parent=1543"}],"wp:term":[{"taxonomy":"category","embeddable":true,"href":"https:\/\/codexflores.ch\/index.php\/wp-json\/wp\/v2\/categories?post=1543"},{"taxonomy":"post_tag","embeddable":true,"href":"https:\/\/codexflores.ch\/index.php\/wp-json\/wp\/v2\/tags?post=1543"}],"curies":[{"name":"wp","href":"https:\/\/api.w.org\/{rel}","templated":true}]}}