{"id":1544,"date":"2014-07-04T06:15:30","date_gmt":"2014-07-04T06:15:30","guid":{"rendered":"https:\/\/codexflores.ch\/index.php\/2014\/07\/04\/bericht-zur-situation-des-jazz-in-deutschland\/"},"modified":"2014-07-04T06:15:30","modified_gmt":"2014-07-04T06:15:30","slug":"bericht-zur-situation-des-jazz-in-deutschland","status":"publish","type":"post","link":"https:\/\/codexflores.ch\/index.php\/2014\/07\/04\/bericht-zur-situation-des-jazz-in-deutschland\/","title":{"rendered":"Bericht zur Situation des Jazz in Deutschland"},"content":{"rendered":"<p><span style=\"font-family: arial,helvetica,sans-serif; font-size: small;\">04.07.2014 &#8212; Die deutsche Bundeskonferenz Jazz hat ihren j\u00fcngsten Bericht zur Situation des Jazz in Deutschland vorgelegt. Die umfassend aktualisierte Ausgabe geht auf die Entwicklungen und Tendenzen des Jazz der letzten 10 Jahre bis heute ein.<\/span><\/p>\n<p><strong><span style=\"font-family: arial,helvetica,sans-serif; font-size: small;\">04.07.2014 &#8212; Die deutsche Bundeskonferenz Jazz hat ihren j\u00fcngsten Bericht zur Situation des Jazz in Deutschland vorgelegt. Die umfassend aktualisierte Ausgabe geht auf die Entwicklungen und Tendenzen des Jazz der letzten 10 Jahre bis heute ein.<\/span><\/strong><\/p>\n<p>\u00a0<\/p>\n<p><span style=\"font-family: arial,helvetica,sans-serif; font-size: small;\">Deutschland habe eine vielf\u00e4ltige und ausgesprochen reiche Club- und Festivalszene, heisst es in dem Bericht. Neben professionellen Spielst\u00e4tten g\u00e4be es traditionell viele ehrenamtliche Initiativen. Spielst\u00e4tten w\u00fcrden bislang vor allem durch Kommunen und Bundesl\u00e4nder gef\u00f6rdert; von Festivals auf regionaler Ebene und solchen mit internationaler Strahlkraft gingen neue Impulse f\u00fcr den Jazz aus. Die Innovationskraft von Festivals werde bislang allerdings nicht ausreichend durch \u00f6ffentliche F\u00f6rderung gew\u00fcrdigt.<\/span><\/p>\n<p>\u00a0<\/p>\n<p><span style=\"font-family: arial,helvetica,sans-serif; font-size: small;\">Die \u00f6ffentlich-rechtlichen Rundfunkanstalten sind die wichtigsten Multiplikatoren f\u00fcr die Rezeption von Live-Jazz und Jazzproduktionen in Deutschland. Zwar kommen die H\u00f6rfunkprogramme der ARD ihrem Programmauftrag mit rund 200 Stunden Jazzprogramm im Monat nach, im L\u00e4ndervergleich jedoch unterschiedlich befriedigend. Im Fernsehen findet Jazz dagegen so gut wie gar nicht statt.<\/span><\/p>\n<p>\u00a0<\/p>\n<p><span style=\"font-family: arial,helvetica,sans-serif; font-size: small;\">Der Musikmarkt f\u00fcr Jazz in Deutschland wird von kleinen Labels gepr\u00e4gt, deren Lage nach wie vor prek\u00e4r ist. Der Ausbau der Exportf\u00f6rderung deutscher Jazzbands ist f\u00fcr Jazzlabels essentiell, um auf dem internationalen Markt bestehen zu k\u00f6nnen.<\/span><\/p>\n<p>\u00a0<\/p>\n<p><span style=\"font-family: arial,helvetica,sans-serif; font-size: small;\">Mit dem German Jazz Meeting, dem die German Jazz Expo auf der Bremer Messe jazzahead! folgte, wurden seit 2006 wichtige Voraussetzungen geschaffen, Jazzmusikerinnen und -musiker Festivalmachern und Veranstaltern aus der ganzen Welt zu pr\u00e4sentieren. Dies hat die internationale Sicht- und H\u00f6rbarkeit sowie Wertsch\u00e4tzung von Jazz aus Deutschland enorm unterst\u00fctzt.<em> (cf)<\/em><br \/><\/span><\/p>\n<p>\u00a0<\/p>\n<p><span style=\"font-family: arial,helvetica,sans-serif; font-size: small;\">Der Bericht ist abrufbar unter <a href=\"http:\/\/www.bk-jazz.de\/jazz-in-deutschland\/\" target=\"_blank\" rel=\"noopener noreferrer\">www.bk-jazz.de\/jazz-in-deutschland\/<\/a><\/span><\/p>\n<p>\u00a0<\/p>\n","protected":false},"excerpt":{"rendered":"<p><span style=\"font-family: arial,helvetica,sans-serif; font-size: small;\">04.07.2014 &#8212; Die deutsche Bundeskonferenz Jazz hat ihren j\u00fcngsten Bericht zur Situation des Jazz in Deutschland vorgelegt. Die umfassend aktualisierte Ausgabe geht auf die Entwicklungen und Tendenzen des Jazz der letzten 10 Jahre bis heute ein.<\/span><\/p>\n","protected":false},"author":1,"featured_media":0,"comment_status":"open","ping_status":"open","sticky":false,"template":"","format":"standard","meta":{"footnotes":""},"categories":[2],"tags":[],"class_list":["post-1544","post","type-post","status-publish","format-standard","hentry","category-nachrichten","entry"],"_links":{"self":[{"href":"https:\/\/codexflores.ch\/index.php\/wp-json\/wp\/v2\/posts\/1544","targetHints":{"allow":["GET"]}}],"collection":[{"href":"https:\/\/codexflores.ch\/index.php\/wp-json\/wp\/v2\/posts"}],"about":[{"href":"https:\/\/codexflores.ch\/index.php\/wp-json\/wp\/v2\/types\/post"}],"author":[{"embeddable":true,"href":"https:\/\/codexflores.ch\/index.php\/wp-json\/wp\/v2\/users\/1"}],"replies":[{"embeddable":true,"href":"https:\/\/codexflores.ch\/index.php\/wp-json\/wp\/v2\/comments?post=1544"}],"version-history":[{"count":0,"href":"https:\/\/codexflores.ch\/index.php\/wp-json\/wp\/v2\/posts\/1544\/revisions"}],"wp:attachment":[{"href":"https:\/\/codexflores.ch\/index.php\/wp-json\/wp\/v2\/media?parent=1544"}],"wp:term":[{"taxonomy":"category","embeddable":true,"href":"https:\/\/codexflores.ch\/index.php\/wp-json\/wp\/v2\/categories?post=1544"},{"taxonomy":"post_tag","embeddable":true,"href":"https:\/\/codexflores.ch\/index.php\/wp-json\/wp\/v2\/tags?post=1544"}],"curies":[{"name":"wp","href":"https:\/\/api.w.org\/{rel}","templated":true}]}}