{"id":1548,"date":"2014-07-07T05:58:14","date_gmt":"2014-07-07T05:58:14","guid":{"rendered":"https:\/\/codexflores.ch\/index.php\/2014\/07\/07\/bilanz-des-boswiler-sommers-2014\/"},"modified":"2014-07-07T05:58:14","modified_gmt":"2014-07-07T05:58:14","slug":"bilanz-des-boswiler-sommers-2014","status":"publish","type":"post","link":"https:\/\/codexflores.ch\/index.php\/2014\/07\/07\/bilanz-des-boswiler-sommers-2014\/","title":{"rendered":"Bilanz des Boswiler Sommers 2014"},"content":{"rendered":"<p><span style=\"font-family: arial,helvetica,sans-serif; font-size: small;\">07.07.2014 &#8212; Das 14. Musikfestival Boswiler Sommer im aargauischen Boswil ist zu Ende. Die 14 Anl\u00e4sse mit rund 100 Teilnehmenden z\u00e4hlten insgesamt 2960 Eintritte. Die Auslastung habe mit 85 Prozent den bisherigen H\u00f6chstwert von 2012 \u00fcbertroffen, schreiben die Veranstalter.<\/span><\/p>\n<p><span style=\"font-family: arial,helvetica,sans-serif; font-size: small;\"><strong>07.07.2014 &#8212; Das 14. Musikfestival Boswiler Sommer im aargauischen Boswil ist zu Ende. Die 14 Anl\u00e4sse mit rund 100 Teilnehmenden z\u00e4hlten insgesamt 2960 Eintritte. Die Auslastung habe mit 85 Prozent den bisherigen H\u00f6chstwert von 2012 \u00fcbertroffen, schreiben die Veranstalter.<\/strong><\/span><\/p>\n<p><span style=\"font-family: arial,helvetica,sans-serif; font-size: small;\">\u00a0<\/span><\/p>\n<p><span style=\"font-family: arial,helvetica,sans-serif; font-size: small;\">Zu den Schwerpunkten des Festivals geh\u00f6rten drei Urauff\u00fchrungen der in Aarburg lebenden chinesischen Pipa-Virtuosin Yang Jing \u2013 davon zwei als Auftragskompositionen des Boswiler Sommers \u2013 und die Schweizer Erstauff\u00fchrung von Gabriel Faur\u00e9s erster Fassung seines Requiems von 1889, das erst seit 2011 in der neu rekonstruierten Fassung f\u00fcr Kammerorchester vorliegt.<\/span><\/p>\n<p>\u00a0<\/p>\n<p><span style=\"font-family: arial,helvetica,sans-serif; font-size: small;\">Auch neue Konzertformen hat das Festival offeriert: Neben der bereits zum dritten Mal durchgef\u00fchrten musikalisch-kulturellen Wanderung <em>Walk &amp; Wonder<\/em> zum ersten Mal ein Liegekonzert zu Nachtkl\u00e4ngen. W\u00e4hrend zweier Tage drehte sich zudem vor der Alten Kirche Boswil das poetische Karussell <em>Kreisreisen<\/em> von Roger Burnens. Der n\u00e4chste Boswiler Sommer findet zwischen 27. Juni und 5. Juli 2014 unter dem Motto \u00abHoch-Zeit\u00bb statt. <em>(cf)<\/em><\/span><\/p>\n<p>\u00a0<\/p>\n","protected":false},"excerpt":{"rendered":"<p><span style=\"font-family: arial,helvetica,sans-serif; font-size: small;\">07.07.2014 &#8212; Das 14. Musikfestival Boswiler Sommer im aargauischen Boswil ist zu Ende. Die 14 Anl\u00e4sse mit rund 100 Teilnehmenden z\u00e4hlten insgesamt 2960 Eintritte. Die Auslastung habe mit 85 Prozent den bisherigen H\u00f6chstwert von 2012 \u00fcbertroffen, schreiben die Veranstalter.<\/span><\/p>\n","protected":false},"author":1,"featured_media":0,"comment_status":"open","ping_status":"open","sticky":false,"template":"","format":"standard","meta":{"footnotes":""},"categories":[2],"tags":[],"class_list":["post-1548","post","type-post","status-publish","format-standard","hentry","category-nachrichten","entry"],"_links":{"self":[{"href":"https:\/\/codexflores.ch\/index.php\/wp-json\/wp\/v2\/posts\/1548","targetHints":{"allow":["GET"]}}],"collection":[{"href":"https:\/\/codexflores.ch\/index.php\/wp-json\/wp\/v2\/posts"}],"about":[{"href":"https:\/\/codexflores.ch\/index.php\/wp-json\/wp\/v2\/types\/post"}],"author":[{"embeddable":true,"href":"https:\/\/codexflores.ch\/index.php\/wp-json\/wp\/v2\/users\/1"}],"replies":[{"embeddable":true,"href":"https:\/\/codexflores.ch\/index.php\/wp-json\/wp\/v2\/comments?post=1548"}],"version-history":[{"count":0,"href":"https:\/\/codexflores.ch\/index.php\/wp-json\/wp\/v2\/posts\/1548\/revisions"}],"wp:attachment":[{"href":"https:\/\/codexflores.ch\/index.php\/wp-json\/wp\/v2\/media?parent=1548"}],"wp:term":[{"taxonomy":"category","embeddable":true,"href":"https:\/\/codexflores.ch\/index.php\/wp-json\/wp\/v2\/categories?post=1548"},{"taxonomy":"post_tag","embeddable":true,"href":"https:\/\/codexflores.ch\/index.php\/wp-json\/wp\/v2\/tags?post=1548"}],"curies":[{"name":"wp","href":"https:\/\/api.w.org\/{rel}","templated":true}]}}