{"id":1555,"date":"2014-07-08T06:04:26","date_gmt":"2014-07-08T06:04:26","guid":{"rendered":"https:\/\/codexflores.ch\/index.php\/2014\/07\/08\/talis-festival-academy-in-saas-fee\/"},"modified":"2014-07-08T06:04:26","modified_gmt":"2014-07-08T06:04:26","slug":"talis-festival-academy-in-saas-fee","status":"publish","type":"post","link":"https:\/\/codexflores.ch\/index.php\/2014\/07\/08\/talis-festival-academy-in-saas-fee\/","title":{"rendered":"Talis Festival &#038; Academy in Saas Fee"},"content":{"rendered":"<p><span style=\"font-family: arial,helvetica,sans-serif; font-size: small;\">08.07.2014 &#8212; Zum ersten Mal findet in Saas Fee das Talis Festival &amp; Academy statt. Das neue Kammermusikfestival will jungen K\u00fcnstlern aus der ganzen Welt die Gelegenheit bieten, als ebenb\u00fcrtige Partner zusammen mit etablierten Musikern zu arbeiten und aufzutreten.<\/span><\/p>\n<p><span style=\"font-family: arial,helvetica,sans-serif; font-size: small;\"><strong>08.07.2014 &#8212; Zum ersten Mal findet in Saas Fee das Talis Festival &amp; Academy statt. Das neue Kammermusikfestival will jungen K\u00fcnstlern aus der ganzen Welt die Gelegenheit bieten, als ebenb\u00fcrtige Partner zusammen mit etablierten Musikern zu arbeiten und aufzutreten.<\/strong><\/span><\/p>\n<p>\u00a0<\/p>\n<p><span style=\"font-family: arial,helvetica,sans-serif; font-size: small;\">Gr\u00fcnderin und k\u00fcnstlerische Leiterin des Festivals ist Maria Wildhaber. F\u00fcr die Ausbildungspl\u00e4tze hatten sich \u00fcber 120 Musikern und Komponisten beworben, davon wurden 16 ausgew\u00e4hlt. Sie arbeiten mit den sieben Musikern der Fakult\u00e4t und dem Gastkomponisten des Festivals zusammen.<\/span><\/p>\n<p>\u00a0<\/p>\n<p><span style=\"font-family: arial,helvetica,sans-serif; font-size: small;\">Das Er\u00f6ffnungskonzert am Abend des 15. Juli findet in der reformierten Kirche am Biel statt und beinhaltet eine Weltpremiere des diesj\u00e4hrigen Talis Festival &amp; Academy Gastkomponisten Martin Blessinger mit dem Titel \u00abPhantasy on Ye Shanghai\u00bb. Dazu kommen klassische Kammermusikst\u00fccke wie Beethovens Piano Quartett in Es Dur, Op. 16, seine Klaviersonate No. 14 in cis-Moll (Mondscheinsonate) oder Mozarts Quartett in D-Dur f\u00fcr Fl\u00f6te, Viola und Violoncello.<\/span><\/p>\n<p>\u00a0<\/p>\n<p><span style=\"font-family: arial,helvetica,sans-serif; font-size: small;\">Im Rahmen des Saas-Fee Filmfest (SFFF) wird der unweit von Saas-Fee gedrehte Stummfilm <em>Im Kampf mit dem Berge<\/em> von 1921 auf dem Dorfplatz unter freiem Himmel aufgef\u00fchrt. Die Originalmusik f\u00fcr das erst 2013 rekonstruierte bildgewaltige Berg-Dokument stammt von Paul Hindemith und wird w\u00e4hrend der Vorf\u00fchrung live von einem Ensemble des Talis Festival &amp; Academy gespielt.<em> (cf)<\/em><\/span><\/p>\n<p><span style=\"font-family: arial,helvetica,sans-serif; font-size: small;\"><em>\u00a0<\/em><\/span><\/p>\n<p><span style=\"font-family: arial,helvetica,sans-serif; font-size: small;\"><strong>Mehr Infos:<\/strong> <a href=\"http:\/\/www.talisfestival.com\" target=\"_blank\" rel=\"noopener noreferrer\">www.talisfestival.com<\/a><\/span><em><br \/><\/em><\/p>\n<p>\u00a0<\/p>\n","protected":false},"excerpt":{"rendered":"<p><span style=\"font-family: arial,helvetica,sans-serif; font-size: small;\">08.07.2014 &#8212; Zum ersten Mal findet in Saas Fee das Talis Festival &amp; Academy statt. Das neue Kammermusikfestival will jungen K\u00fcnstlern aus der ganzen Welt die Gelegenheit bieten, als ebenb\u00fcrtige Partner zusammen mit etablierten Musikern zu arbeiten und aufzutreten.<\/span><\/p>\n","protected":false},"author":1,"featured_media":0,"comment_status":"open","ping_status":"open","sticky":false,"template":"","format":"standard","meta":{"footnotes":""},"categories":[2],"tags":[],"class_list":["post-1555","post","type-post","status-publish","format-standard","hentry","category-nachrichten","entry"],"_links":{"self":[{"href":"https:\/\/codexflores.ch\/index.php\/wp-json\/wp\/v2\/posts\/1555","targetHints":{"allow":["GET"]}}],"collection":[{"href":"https:\/\/codexflores.ch\/index.php\/wp-json\/wp\/v2\/posts"}],"about":[{"href":"https:\/\/codexflores.ch\/index.php\/wp-json\/wp\/v2\/types\/post"}],"author":[{"embeddable":true,"href":"https:\/\/codexflores.ch\/index.php\/wp-json\/wp\/v2\/users\/1"}],"replies":[{"embeddable":true,"href":"https:\/\/codexflores.ch\/index.php\/wp-json\/wp\/v2\/comments?post=1555"}],"version-history":[{"count":0,"href":"https:\/\/codexflores.ch\/index.php\/wp-json\/wp\/v2\/posts\/1555\/revisions"}],"wp:attachment":[{"href":"https:\/\/codexflores.ch\/index.php\/wp-json\/wp\/v2\/media?parent=1555"}],"wp:term":[{"taxonomy":"category","embeddable":true,"href":"https:\/\/codexflores.ch\/index.php\/wp-json\/wp\/v2\/categories?post=1555"},{"taxonomy":"post_tag","embeddable":true,"href":"https:\/\/codexflores.ch\/index.php\/wp-json\/wp\/v2\/tags?post=1555"}],"curies":[{"name":"wp","href":"https:\/\/api.w.org\/{rel}","templated":true}]}}