{"id":1559,"date":"2014-07-09T17:04:06","date_gmt":"2014-07-09T17:04:06","guid":{"rendered":"https:\/\/codexflores.ch\/index.php\/2014\/07\/09\/die-zuercher-oper-und-die-zuercher-saengerknaben\/"},"modified":"2014-07-09T17:04:06","modified_gmt":"2014-07-09T17:04:06","slug":"die-zuercher-oper-und-die-zuercher-saengerknaben","status":"publish","type":"post","link":"https:\/\/codexflores.ch\/index.php\/2014\/07\/09\/die-zuercher-oper-und-die-zuercher-saengerknaben\/","title":{"rendered":"Die Z\u00fcrcher Oper und die Z\u00fcrcher S\u00e4ngerknaben"},"content":{"rendered":"<p><span style=\"font-family: arial,helvetica,sans-serif; font-size: small;\">10.07.2014 &#8212; Das Opernhaus Z\u00fcrich reagiert auf einen Artikel in der lokalen Presse, wonach es mit den Z\u00fcrcher S\u00e4ngerknaben nach einer vierzigj\u00e4hrigen Zusammenarbeit zum Bruch gekommen sei. Es dementiert.<\/span><\/p>\n<p><span style=\"font-family: arial,helvetica,sans-serif; font-size: small;\"><strong>10.07.2014 &#8212; <span style=\"font-family: arial,helvetica,sans-serif; font-size: small;\">Das Opernhaus Z\u00fcrich reagiert auf einen Artikel in der lokalen Presse, wonach es mit den Z\u00fcrcher S\u00e4ngerknaben nach einer vierzigj\u00e4hrigen Zusammenarbeit zum Bruch gekommen sei. Es dementiert<\/span>.<\/strong><\/span><\/p>\n<p><span style=\"font-family: arial,helvetica,sans-serif; font-size: small;\">\u00a0<\/span><\/p>\n<p><span style=\"font-family: arial,helvetica,sans-serif; font-size: small;\">Zur Diskussion steht die Premiere von <em>Die Zauberfl\u00f6te<\/em>, die ohne die Z\u00fcrcher S\u00e4ngerknaben realisiert wird. Die Solisten des T\u00f6lzer Knabenchores seien bereits in der letzten Premiere im Jahr 2007 von der damaligen Intendanz f\u00fcr die Rollen der drei Knaben besetzt worden. Nachdem damals zun\u00e4chst die Z\u00fcrcher S\u00e4ngerknaben f\u00fcr die Rollen der drei Knaben vorgesehen waren, seien sie auf Wunsch des Dirigenten aus k\u00fcnstlerischen Gr\u00fcnden w\u00e4hrend der laufenden Proben durch Solisten des T\u00f6lzer Knabenchores ersetzt worden. <\/span><\/p>\n<p>\u00a0<\/p>\n<p><span style=\"font-family: arial,helvetica,sans-serif; font-size: small;\">F\u00fcr die kommende Produktion habe man die Z\u00fcrcher S\u00e4ngerknaben zuerst kontaktiert und zu einem Vorsingen eingeladen. F\u00fcr dieses Vorsingen sei nicht die Pr\u00e4sentation der gesamten Partie erwartet worden, wie in der bisherigen Berichterstattung m\u00f6glicherweise der Eindruck entstanden sei, schreibt die Oper. Es sei vorher gemeinsam verabredet worden, dass nur ein kleiner Teil der Rolle vorgetragen werden sollte. Eine Gruppe von drei Jungen habe diese Partie gut vorgetragen, eine zweite Gruppe habe den Gesang in der Mitte des Vortrags abgebrochen. Darauf habe das Opernhaus einen weiteren Termin f\u00fcr ein Vorsingen vorgeschlagen, um den Jungen noch etwas Zeit zur Vorbereitung zu geben. Leider sei dieser zweite Termin f\u00fcr ein Vorsingen dann von den Z\u00fcrcher S\u00e4ngerknaben abgesagt worden. <\/span><\/p>\n<p>\u00a0<\/p>\n<p><span style=\"font-family: arial,helvetica,sans-serif; font-size: small;\">Erst nach der Absage durch die Z\u00fcrcher S\u00e4ngerknaben seien die T\u00f6lzer S\u00e4ngerknaben angefragt worden. F\u00fcr die kommende Neuproduktion der Kinderoper <em>Robin Hood<\/em> habe das Opernhaus Z\u00fcrich erneut Kontakt mit den Z\u00fcrcher S\u00e4ngerknaben aufgenommen. Diese Anfrage sei von Seiten der Z\u00fcrcher S\u00e4ngerknaben aber abgelehnt worden. <em>(cf)<\/em><\/span><\/p>\n","protected":false},"excerpt":{"rendered":"<p><span style=\"font-family: arial,helvetica,sans-serif; font-size: small;\">10.07.2014 &#8212; Das Opernhaus Z\u00fcrich reagiert auf einen Artikel in der lokalen Presse, wonach es mit den Z\u00fcrcher S\u00e4ngerknaben nach einer vierzigj\u00e4hrigen Zusammenarbeit zum Bruch gekommen sei. Es dementiert.<\/span><\/p>\n","protected":false},"author":1,"featured_media":0,"comment_status":"open","ping_status":"open","sticky":false,"template":"","format":"standard","meta":{"footnotes":""},"categories":[2],"tags":[],"class_list":["post-1559","post","type-post","status-publish","format-standard","hentry","category-nachrichten","entry"],"_links":{"self":[{"href":"https:\/\/codexflores.ch\/index.php\/wp-json\/wp\/v2\/posts\/1559","targetHints":{"allow":["GET"]}}],"collection":[{"href":"https:\/\/codexflores.ch\/index.php\/wp-json\/wp\/v2\/posts"}],"about":[{"href":"https:\/\/codexflores.ch\/index.php\/wp-json\/wp\/v2\/types\/post"}],"author":[{"embeddable":true,"href":"https:\/\/codexflores.ch\/index.php\/wp-json\/wp\/v2\/users\/1"}],"replies":[{"embeddable":true,"href":"https:\/\/codexflores.ch\/index.php\/wp-json\/wp\/v2\/comments?post=1559"}],"version-history":[{"count":0,"href":"https:\/\/codexflores.ch\/index.php\/wp-json\/wp\/v2\/posts\/1559\/revisions"}],"wp:attachment":[{"href":"https:\/\/codexflores.ch\/index.php\/wp-json\/wp\/v2\/media?parent=1559"}],"wp:term":[{"taxonomy":"category","embeddable":true,"href":"https:\/\/codexflores.ch\/index.php\/wp-json\/wp\/v2\/categories?post=1559"},{"taxonomy":"post_tag","embeddable":true,"href":"https:\/\/codexflores.ch\/index.php\/wp-json\/wp\/v2\/tags?post=1559"}],"curies":[{"name":"wp","href":"https:\/\/api.w.org\/{rel}","templated":true}]}}