{"id":1560,"date":"2014-07-09T17:15:04","date_gmt":"2014-07-09T17:15:04","guid":{"rendered":"https:\/\/codexflores.ch\/index.php\/2014\/07\/09\/rihm-erhaelt-schumann-preis-fuer-dichtung-und-musik-2014\/"},"modified":"2014-07-09T17:15:04","modified_gmt":"2014-07-09T17:15:04","slug":"rihm-erhaelt-schumann-preis-fuer-dichtung-und-musik-2014","status":"publish","type":"post","link":"https:\/\/codexflores.ch\/index.php\/2014\/07\/09\/rihm-erhaelt-schumann-preis-fuer-dichtung-und-musik-2014\/","title":{"rendered":"Rihm erh\u00e4lt Schumann-Preis f\u00fcr Dichtung und Musik 2014"},"content":{"rendered":"<p><span style=\"font-family: arial,helvetica,sans-serif; font-size: small;\">10.07.2014 &#8212; In diesem Jahr zeichnet die Akademie der Wissenschaften und der Literatur den Komponisten Wolfgang Rihm mit dem mit 25&#8217;000 Euro dotierten Robert Schumann-Preis f\u00fcr Dichtung und Musik aus.<\/span><\/p>\n<p><strong><span style=\"font-family: arial,helvetica,sans-serif; font-size: small;\">10.07.2014 &#8212; In diesem Jahr zeichnet die Akademie der Wissenschaften und der Literatur den Komponisten Wolfgang Rihm mit dem mit 25&#8217;000 Euro dotierten Robert Schumann-Preis f\u00fcr Dichtung und Musik aus.<\/span><\/strong><\/p>\n<p><span style=\"font-family: arial,helvetica,sans-serif; font-size: small;\">\u00a0<\/span><\/p>\n<p><span style=\"font-family: arial,helvetica,sans-serif; font-size: small;\">Rihm \u00fcberf\u00fchre den Strom seiner Gedanken zuallererst in Musik, wisse aber auch auf unnachahmliche Weise deren Unaussprechliches in Worte zu fassen, heisst es in der Begr\u00fcndung. Bei der Tonvermessung seiner klingenden Welt verb\u00fcnde er sich seit je mit den Geistern der Sprache, mit Sophokles, H\u00f6lderlin, B\u00fcchner, Nietzsche, Artaud, Heiner M\u00fcller, immer wieder<\/span><\/p>\n<p><span style=\"font-family: arial,helvetica,sans-serif; font-size: small;\">\u00a0<\/span><\/p>\n<p><span style=\"font-family: arial,helvetica,sans-serif; font-size: small;\">Der Preis wird alle zwei Jahre an Pers\u00f6nlichkeiten f\u00fcr ein herausragendes Lebenswerk auf dem Gebiet der Dichtung und der Musik vergeben. Erster Preistr\u00e4ger war 2012 Pierre Boulez. Stifter des Preises ist die Mainzer Strecker-Stiftung.<em> (cf) <\/em><\/span><\/p>\n<p><span style=\"font-family: arial,helvetica,sans-serif; font-size: small;\">\u00a0<\/span><\/p>\n","protected":false},"excerpt":{"rendered":"<p><span style=\"font-family: arial,helvetica,sans-serif; font-size: small;\">10.07.2014 &#8212; In diesem Jahr zeichnet die Akademie der Wissenschaften und der Literatur den Komponisten Wolfgang Rihm mit dem mit 25&#8217;000 Euro dotierten Robert Schumann-Preis f\u00fcr Dichtung und Musik aus.<\/span><\/p>\n","protected":false},"author":1,"featured_media":0,"comment_status":"open","ping_status":"open","sticky":false,"template":"","format":"standard","meta":{"footnotes":""},"categories":[2],"tags":[],"class_list":["post-1560","post","type-post","status-publish","format-standard","hentry","category-nachrichten","entry"],"_links":{"self":[{"href":"https:\/\/codexflores.ch\/index.php\/wp-json\/wp\/v2\/posts\/1560","targetHints":{"allow":["GET"]}}],"collection":[{"href":"https:\/\/codexflores.ch\/index.php\/wp-json\/wp\/v2\/posts"}],"about":[{"href":"https:\/\/codexflores.ch\/index.php\/wp-json\/wp\/v2\/types\/post"}],"author":[{"embeddable":true,"href":"https:\/\/codexflores.ch\/index.php\/wp-json\/wp\/v2\/users\/1"}],"replies":[{"embeddable":true,"href":"https:\/\/codexflores.ch\/index.php\/wp-json\/wp\/v2\/comments?post=1560"}],"version-history":[{"count":0,"href":"https:\/\/codexflores.ch\/index.php\/wp-json\/wp\/v2\/posts\/1560\/revisions"}],"wp:attachment":[{"href":"https:\/\/codexflores.ch\/index.php\/wp-json\/wp\/v2\/media?parent=1560"}],"wp:term":[{"taxonomy":"category","embeddable":true,"href":"https:\/\/codexflores.ch\/index.php\/wp-json\/wp\/v2\/categories?post=1560"},{"taxonomy":"post_tag","embeddable":true,"href":"https:\/\/codexflores.ch\/index.php\/wp-json\/wp\/v2\/tags?post=1560"}],"curies":[{"name":"wp","href":"https:\/\/api.w.org\/{rel}","templated":true}]}}