{"id":1563,"date":"2014-07-10T17:13:03","date_gmt":"2014-07-10T17:13:03","guid":{"rendered":"https:\/\/codexflores.ch\/index.php\/2014\/07\/10\/erstes-davos-festival-mit-bieris-handschrift\/"},"modified":"2014-07-10T17:13:03","modified_gmt":"2014-07-10T17:13:03","slug":"erstes-davos-festival-mit-bieris-handschrift","status":"publish","type":"post","link":"https:\/\/codexflores.ch\/index.php\/2014\/07\/10\/erstes-davos-festival-mit-bieris-handschrift\/","title":{"rendered":"Erstes Davos Festival mit Bieris Handschrift"},"content":{"rendered":"<p><span style=\"font-family: arial,helvetica,sans-serif; font-size: small;\">11.07.2014 &#8211;Zwischen dem 2. und 16. August 2014 findet das Davos Festival \u2013 young artists in concert erstmals unter der k\u00fcnstlerischen Leitung von Reto Bieri statt. F\u00fcr sein erstes Festival hat er das Motto <em>Halt auf Verlangen<\/em> gew\u00e4hlt.<\/span><\/p>\n<p><span style=\"font-family: arial,helvetica,sans-serif; font-size: small;\"><strong>11.07.2014 &#8211;Zwischen dem 2. und 16. August 2014 findet das Davos Festival \u2013 young artists in concert erstmals unter der k\u00fcnstlerischen Leitung von Reto Bieri statt. F\u00fcr sein erstes Festival hat er das Motto <em>Halt auf Verlangen<\/em> gew\u00e4hlt.<\/strong><\/span><\/p>\n<p>\u00a0<\/p>\n<p><span style=\"font-family: arial,helvetica,sans-serif; font-size: small;\">Composer in Residence ist der armenische Komponist Tigran Mansurian. Er wird w\u00e4hrend den beiden Festivalwochen in Davos anwesend sein, dabei werden rund 15 Kammermusikwerke von ihm erarbeitet \u2013 neben den (\u00f6ffentlichen) Proben und den Konzerten wird der Komponist mit den young artists \u00fcber Interpretationsfragen sprechen, unter Einbezug des Publikums.<\/span><\/p>\n<p><span style=\"font-family: arial,helvetica,sans-serif; font-size: small;\">\u00a0<\/span><\/p>\n<p><span style=\"font-family: arial,helvetica,sans-serif; font-size: small;\">T\u00e4glich gibt es im Rahmen des Festivals zudem ein Singen f\u00fcr alle, wo St\u00fccke einstudiert werden, die teilweise auch in den Programmen erklingen sollen. Formate wie Davos Festival \u2013 Junge Reporter (das jungen Interessierten, die kein Instrument spielen aber Freude an der Musik haben, erm\u00f6glicht, \u00fcber Musik zu schreiben) oder Davos Festival \u2013 Offene B\u00fchne (wo Spontan- und Kurzkonzerte in Davos an belebten Orten auf die Abendkonzerte verweisen) unterstreichen diese Absicht. <\/span><\/p>\n<p>\u00a0<\/p>\n<p><span style=\"font-family: arial,helvetica,sans-serif; font-size: small;\">Die Auftritte des Schweizer Armeespiels (6. August 2014) mit einem Platzkonzert am Nachmittag (Rekrutenspiel) und einem klassischen Konzert (Blasorchester) abends unter der Leitung der jungen finnischen Dirigentin Dalia Stasevska sollen zur weiteren \u00d6ffnung des Festivals beitragen. <\/span><\/p>\n<p>\u00a0<\/p>\n<p><span style=\"font-family: arial,helvetica,sans-serif; font-size: small;\"><strong>Mehr Infos:<\/strong> <a href=\"http:\/\/www.davosfestival.ch\" target=\"_blank\" rel=\"noopener noreferrer\">www.davosfestival.ch<\/a><\/span><\/p>\n","protected":false},"excerpt":{"rendered":"<p><span style=\"font-family: arial,helvetica,sans-serif; font-size: small;\">11.07.2014 &#8211;Zwischen dem 2. und 16. August 2014 findet das Davos Festival \u2013 young artists in concert erstmals unter der k\u00fcnstlerischen Leitung von Reto Bieri statt. F\u00fcr sein erstes Festival hat er das Motto <em>Halt auf Verlangen<\/em> gew\u00e4hlt.<\/span><\/p>\n","protected":false},"author":1,"featured_media":0,"comment_status":"open","ping_status":"open","sticky":false,"template":"","format":"standard","meta":{"footnotes":""},"categories":[2],"tags":[],"class_list":["post-1563","post","type-post","status-publish","format-standard","hentry","category-nachrichten","entry"],"_links":{"self":[{"href":"https:\/\/codexflores.ch\/index.php\/wp-json\/wp\/v2\/posts\/1563","targetHints":{"allow":["GET"]}}],"collection":[{"href":"https:\/\/codexflores.ch\/index.php\/wp-json\/wp\/v2\/posts"}],"about":[{"href":"https:\/\/codexflores.ch\/index.php\/wp-json\/wp\/v2\/types\/post"}],"author":[{"embeddable":true,"href":"https:\/\/codexflores.ch\/index.php\/wp-json\/wp\/v2\/users\/1"}],"replies":[{"embeddable":true,"href":"https:\/\/codexflores.ch\/index.php\/wp-json\/wp\/v2\/comments?post=1563"}],"version-history":[{"count":0,"href":"https:\/\/codexflores.ch\/index.php\/wp-json\/wp\/v2\/posts\/1563\/revisions"}],"wp:attachment":[{"href":"https:\/\/codexflores.ch\/index.php\/wp-json\/wp\/v2\/media?parent=1563"}],"wp:term":[{"taxonomy":"category","embeddable":true,"href":"https:\/\/codexflores.ch\/index.php\/wp-json\/wp\/v2\/categories?post=1563"},{"taxonomy":"post_tag","embeddable":true,"href":"https:\/\/codexflores.ch\/index.php\/wp-json\/wp\/v2\/tags?post=1563"}],"curies":[{"name":"wp","href":"https:\/\/api.w.org\/{rel}","templated":true}]}}