{"id":1564,"date":"2014-07-10T17:20:26","date_gmt":"2014-07-10T17:20:26","guid":{"rendered":"https:\/\/codexflores.ch\/index.php\/2014\/07\/10\/festival-arosa-musik-erstmals-in-deutschland\/"},"modified":"2014-07-10T17:20:26","modified_gmt":"2014-07-10T17:20:26","slug":"festival-arosa-musik-erstmals-in-deutschland","status":"publish","type":"post","link":"https:\/\/codexflores.ch\/index.php\/2014\/07\/10\/festival-arosa-musik-erstmals-in-deutschland\/","title":{"rendered":"Festival Arosa Musik erstmals in Deutschland"},"content":{"rendered":"<p><span style=\"font-size: small;\">11.07.2014 &#8212; Die Auff\u00fchrungen im Rahmen des Festivals Arosa Musik Theater finden vom 23. bis 30. Juli 2014 statt. Zum ersten Mal gibt das Arosa Musik Theater mit <em>Der Geizhals<\/em> auch zwei Gastspiele in Deutschland, am 2. August in Ingolstadt und am 3. August in Sandersdorf.<\/span><\/p>\n<p><span style=\"font-size: small;\"><strong>11.07.2014 &#8212; Die Auff\u00fchrungen im Rahmen des Festivals Arosa Musik Theater finden vom 23. bis 30. Juli 2014 statt. Zum ersten Mal gibt das Arosa Musik Theater mit <em>Der Geizhals<\/em> auch zwei Gastspiele in Deutschland, am 2. August in Ingolstadt und am 3. August in Sandersdorf.<\/strong><\/span><\/p>\n<p><span style=\"font-size: small;\">\u00a0<\/span><\/p>\n<p><span style=\"font-size: small;\">Die Gastspiele sind Teil der Zusammenarbeit zwischen Arosa Kultur, der Stadt Ingolstadt und der Simon-Mayr-Gesellschaft in Ingolstadt. Johann Simon Mayrs musikalische Farce aus dem Jahr 1799 in einer neuen deutschen \u00dcbersetzung zeichnet sich aus durch verr\u00fcckte Wendungen und ein hohes musikalisches Tempo. \u00a0<\/span><\/p>\n<p><span style=\"font-size: small;\">\u00a0<\/span><\/p>\n<p><span style=\"font-size: small;\">Die Auff\u00fchrungen in Arosa und Deutschland im Juni dieses Jahres werden von dem Ensemble des Schweizer Arosa Opernfestivals bestritten, das bereits vor zwei Jahren die Schweizer Erstauff\u00fchrung von Mayrs Farce <em>Der Essigh\u00e4ndler<\/em> bestritten hat. Das Festivalorchester Arosa setzt sich erneut mehrheitlich aus Musikerinnen und Musikern des Ensembles \u00f6! aus Chur zusammen. <\/span><\/p>\n<p>\u00a0<\/p>\n<p><span style=\"font-size: small;\">Regie f\u00fchrt wie in den Vorjahren der M\u00fcnchner Regisseur Michael Lochar. F\u00fcr das B\u00fchnenbild ist Sean McAllister (Tel Aviv) verantwortlich und die musikalische Leitung \u00fcbernimmt wie in den Vorjahren die in Z\u00fcrich wirkende griechische Dirigentin Zoi Tsokanou.<\/span><\/p>\n<p>\u00a0<\/p>\n<p><span style=\"font-size: small;\"><strong>Mehr Infos:<\/strong> <a href=\"http:\/\/www.musiktheaterarosa.ch\">www.arosakultur.ch<\/a> \u00a0<\/span><\/p>\n","protected":false},"excerpt":{"rendered":"<p><span style=\"font-size: small;\">11.07.2014 &#8212; Die Auff\u00fchrungen im Rahmen des Festivals Arosa Musik Theater finden vom 23. bis 30. Juli 2014 statt. Zum ersten Mal gibt das Arosa Musik Theater mit <em>Der Geizhals<\/em> auch zwei Gastspiele in Deutschland, am 2. August in Ingolstadt und am 3. August in Sandersdorf.<\/span><\/p>\n","protected":false},"author":1,"featured_media":0,"comment_status":"open","ping_status":"open","sticky":false,"template":"","format":"standard","meta":{"footnotes":""},"categories":[2],"tags":[],"class_list":["post-1564","post","type-post","status-publish","format-standard","hentry","category-nachrichten","entry"],"_links":{"self":[{"href":"https:\/\/codexflores.ch\/index.php\/wp-json\/wp\/v2\/posts\/1564","targetHints":{"allow":["GET"]}}],"collection":[{"href":"https:\/\/codexflores.ch\/index.php\/wp-json\/wp\/v2\/posts"}],"about":[{"href":"https:\/\/codexflores.ch\/index.php\/wp-json\/wp\/v2\/types\/post"}],"author":[{"embeddable":true,"href":"https:\/\/codexflores.ch\/index.php\/wp-json\/wp\/v2\/users\/1"}],"replies":[{"embeddable":true,"href":"https:\/\/codexflores.ch\/index.php\/wp-json\/wp\/v2\/comments?post=1564"}],"version-history":[{"count":0,"href":"https:\/\/codexflores.ch\/index.php\/wp-json\/wp\/v2\/posts\/1564\/revisions"}],"wp:attachment":[{"href":"https:\/\/codexflores.ch\/index.php\/wp-json\/wp\/v2\/media?parent=1564"}],"wp:term":[{"taxonomy":"category","embeddable":true,"href":"https:\/\/codexflores.ch\/index.php\/wp-json\/wp\/v2\/categories?post=1564"},{"taxonomy":"post_tag","embeddable":true,"href":"https:\/\/codexflores.ch\/index.php\/wp-json\/wp\/v2\/tags?post=1564"}],"curies":[{"name":"wp","href":"https:\/\/api.w.org\/{rel}","templated":true}]}}