{"id":1569,"date":"2014-07-14T06:24:30","date_gmt":"2014-07-14T06:24:30","guid":{"rendered":"https:\/\/codexflores.ch\/index.php\/2014\/07\/14\/say-von-der-leitung-seines-eigenen-festivals-ausgeschlossen\/"},"modified":"2014-07-14T06:24:30","modified_gmt":"2014-07-14T06:24:30","slug":"say-von-der-leitung-seines-eigenen-festivals-ausgeschlossen","status":"publish","type":"post","link":"https:\/\/codexflores.ch\/index.php\/2014\/07\/14\/say-von-der-leitung-seines-eigenen-festivals-ausgeschlossen\/","title":{"rendered":"Say von der Leitung seines eigenen Festivals ausgeschlossen"},"content":{"rendered":"<p><span style=\"font-family: arial,helvetica,sans-serif; font-size: small;\">14.07.2014 &#8212; Der t\u00fcrkische Pianist und Komponist Fazil Say ist vom neuen B\u00fcrgermeister der Stadt Antalya als k\u00fcnstlerischer Leiter des Festivals der Stadt ausgeschlossen worden, nachdem er ihn in seiner ersten Amtszeit noch gest\u00fctzt hatte.<\/span><\/p>\n<p><span style=\"font-family: arial,helvetica,sans-serif; font-size: small;\"><strong>14.07.2014 &#8212; Der t\u00fcrkische Pianist und Komponist Fazil Say ist vom neuen B\u00fcrgermeister der Stadt Antalya als k\u00fcnstlerischer Leiter des Festivals der Stadt ausgeschlossen worden, nachdem er ihn in seiner ersten Amtszeit noch gest\u00fctzt hatte.<\/strong><\/span><\/p>\n<p>\u00a0<\/p>\n<p><span style=\"font-family: arial,helvetica,sans-serif; font-size: small;\">Der Sinneswandel des AKP-B\u00fcrgermeisters, der den psoten bereits 2004 bis 2009 bekleidete, dokumentiert laut dem Fachmagazin <em>Resmusica<\/em> den Mentalit\u00e4tswandel in der Partei des Ministerpr\u00e4sidenten Erdogan, weg von liberaler Offenheit hin zu auitorit\u00e4rer Durchsetzung einer religis gerp\u00e4gten Ideologie. Neuer Leiter des Festivals wird der Dirigent G\u00fcrer Aykal. <em>(cf)<\/em><\/span><\/p>\n<p>\u00a0<\/p>\n","protected":false},"excerpt":{"rendered":"<p><span style=\"font-family: arial,helvetica,sans-serif; font-size: small;\">14.07.2014 &#8212; Der t\u00fcrkische Pianist und Komponist Fazil Say ist vom neuen B\u00fcrgermeister der Stadt Antalya als k\u00fcnstlerischer Leiter des Festivals der Stadt ausgeschlossen worden, nachdem er ihn in seiner ersten Amtszeit noch gest\u00fctzt hatte.<\/span><\/p>\n","protected":false},"author":1,"featured_media":0,"comment_status":"open","ping_status":"open","sticky":false,"template":"","format":"standard","meta":{"footnotes":""},"categories":[2],"tags":[],"class_list":["post-1569","post","type-post","status-publish","format-standard","hentry","category-nachrichten","entry"],"_links":{"self":[{"href":"https:\/\/codexflores.ch\/index.php\/wp-json\/wp\/v2\/posts\/1569","targetHints":{"allow":["GET"]}}],"collection":[{"href":"https:\/\/codexflores.ch\/index.php\/wp-json\/wp\/v2\/posts"}],"about":[{"href":"https:\/\/codexflores.ch\/index.php\/wp-json\/wp\/v2\/types\/post"}],"author":[{"embeddable":true,"href":"https:\/\/codexflores.ch\/index.php\/wp-json\/wp\/v2\/users\/1"}],"replies":[{"embeddable":true,"href":"https:\/\/codexflores.ch\/index.php\/wp-json\/wp\/v2\/comments?post=1569"}],"version-history":[{"count":0,"href":"https:\/\/codexflores.ch\/index.php\/wp-json\/wp\/v2\/posts\/1569\/revisions"}],"wp:attachment":[{"href":"https:\/\/codexflores.ch\/index.php\/wp-json\/wp\/v2\/media?parent=1569"}],"wp:term":[{"taxonomy":"category","embeddable":true,"href":"https:\/\/codexflores.ch\/index.php\/wp-json\/wp\/v2\/categories?post=1569"},{"taxonomy":"post_tag","embeddable":true,"href":"https:\/\/codexflores.ch\/index.php\/wp-json\/wp\/v2\/tags?post=1569"}],"curies":[{"name":"wp","href":"https:\/\/api.w.org\/{rel}","templated":true}]}}