{"id":1577,"date":"2014-07-17T05:55:06","date_gmt":"2014-07-17T05:55:06","guid":{"rendered":"https:\/\/codexflores.ch\/index.php\/2014\/07\/17\/aus-fuer-sinfonieorchester-baden-baden-und-freiburg\/"},"modified":"2014-07-17T05:55:06","modified_gmt":"2014-07-17T05:55:06","slug":"aus-fuer-sinfonieorchester-baden-baden-und-freiburg","status":"publish","type":"post","link":"https:\/\/codexflores.ch\/index.php\/2014\/07\/17\/aus-fuer-sinfonieorchester-baden-baden-und-freiburg\/","title":{"rendered":"Aus f\u00fcr Sinfonieorchester Baden-Baden und Freiburg"},"content":{"rendered":"<p><span style=\"font-family: arial,helvetica,sans-serif; font-size: small;\">17.07.2014 &#8212; F\u00fcr ein Stiftungsmodell zum Erhalt des Sinfonieorchesters Baden-Baden und Freiburg (SO) ausserhalb des SWR stehen \u00abkeine Zustifter zur Verf\u00fcgung, die eine Unterst\u00fctzung nachhaltig und verl\u00e4sslich zusagen\u00bb. Das Ergebnis einer entsprechenden Tr\u00e4ger- und Geberkonferenz bedeutet das endg\u00fcltige Aus f\u00fcr den urspr\u00fcnglichen Klangk\u00f6rper.<\/span><\/p>\n<p><strong><span style=\"font-family: arial,helvetica,sans-serif; font-size: small;\">17.07.2014 &#8212; F\u00fcr ein Stiftungsmodell zum Erhalt des Sinfonieorchesters Baden-Baden und Freiburg (SO) ausserhalb des SWR stehen \u00abkeine Zustifter zur Verf\u00fcgung, die eine Unterst\u00fctzung nachhaltig und verl\u00e4sslich zusagen\u00bb. Das Ergebnis einer entsprechenden Tr\u00e4ger- und Geberkonferenz bedeutet das endg\u00fcltige Aus f\u00fcr den urspr\u00fcnglichen Klangk\u00f6rper.<\/span><\/strong><\/p>\n<p>\u00a0<\/p>\n<p><span style=\"font-family: arial,helvetica,sans-serif; font-size: small;\">Eingeladen waren das Land Baden-W\u00fcrttemberg, die Oberb\u00fcrgermeister und Landr\u00e4te der benachbarten St\u00e4dte und Kreise, die IHK S\u00fcdlicher Oberrhein, die Deutsche Orchestervereinigung (DOV) und die Freunde und F\u00f6rderer des SO. Teilgenommen haben neben SWR und Stadt Freiburg die DOV, Staatssekret\u00e4r J\u00fcrgen Walter vom Wissenschaftsministerium, Vertreter der Landkreise Emmendingen und Breisgau-Hochschwarzwald, der B\u00fcrgermeister von Gundelfingen sowie Vertreter der St\u00e4dte Emmendingen, Offenburg und Donaueschingen. <\/span><\/p>\n<p>\u00a0<\/p>\n<p><span style=\"font-family: arial,helvetica,sans-serif; font-size: small;\">Basis der Konferenz waren die Beschl\u00fcsse des SWR und seiner Gremien, ab 2016 nur noch ein Sinfonieorchester in Baden-W\u00fcrttemberg zu unterhalten, n\u00e4mlich das SWR Symphonieorchester.\u00a0<\/span><\/p>\n<p><span style=\"font-family: arial,helvetica,sans-serif; font-size: small;\">\u00a0<\/span><\/p>\n<p><span style=\"font-family: arial,helvetica,sans-serif; font-size: small;\">Bei der Konferenz sollte gekl\u00e4rt werden, welche Zuschussgeber zu einer m\u00f6glichen \u00f6ffentlich-rechtlichen Stiftung mit welchen Finanzzusagen zur Verf\u00fcgung st\u00fcnden. Der SWR geht von einem Finanzbedarf von mindestens 11 Millionen ab dem Zeitpunkt des \u00dcbergangs in eine Stiftung aus. Der SWR hat hierzu bereits 2013 eine degressive Beteiligung von anfangs maximal rund vier Millionen Euro in Aussicht gestellt. Die Stadt Freiburg hat ihre Zusage auf Mietzinsverzicht f\u00fcr das Konzerthaus in H\u00f6he von rund 340&#8217;000 Euro erneuert. Belastbare weitere dauerhafte Zusagen in namhafter H\u00f6he konnten bei der Konferenz aber nicht benannt werden. <em>(cf)<\/em><\/span><\/p>\n<p>\u00a0<\/p>\n","protected":false},"excerpt":{"rendered":"<p><span style=\"font-family: arial,helvetica,sans-serif; font-size: small;\">17.07.2014 &#8212; F\u00fcr ein Stiftungsmodell zum Erhalt des Sinfonieorchesters Baden-Baden und Freiburg (SO) ausserhalb des SWR stehen \u00abkeine Zustifter zur Verf\u00fcgung, die eine Unterst\u00fctzung nachhaltig und verl\u00e4sslich zusagen\u00bb. Das Ergebnis einer entsprechenden Tr\u00e4ger- und Geberkonferenz bedeutet das endg\u00fcltige Aus f\u00fcr den urspr\u00fcnglichen Klangk\u00f6rper.<\/span><\/p>\n","protected":false},"author":1,"featured_media":0,"comment_status":"open","ping_status":"open","sticky":false,"template":"","format":"standard","meta":{"footnotes":""},"categories":[2],"tags":[],"class_list":["post-1577","post","type-post","status-publish","format-standard","hentry","category-nachrichten","entry"],"_links":{"self":[{"href":"https:\/\/codexflores.ch\/index.php\/wp-json\/wp\/v2\/posts\/1577","targetHints":{"allow":["GET"]}}],"collection":[{"href":"https:\/\/codexflores.ch\/index.php\/wp-json\/wp\/v2\/posts"}],"about":[{"href":"https:\/\/codexflores.ch\/index.php\/wp-json\/wp\/v2\/types\/post"}],"author":[{"embeddable":true,"href":"https:\/\/codexflores.ch\/index.php\/wp-json\/wp\/v2\/users\/1"}],"replies":[{"embeddable":true,"href":"https:\/\/codexflores.ch\/index.php\/wp-json\/wp\/v2\/comments?post=1577"}],"version-history":[{"count":0,"href":"https:\/\/codexflores.ch\/index.php\/wp-json\/wp\/v2\/posts\/1577\/revisions"}],"wp:attachment":[{"href":"https:\/\/codexflores.ch\/index.php\/wp-json\/wp\/v2\/media?parent=1577"}],"wp:term":[{"taxonomy":"category","embeddable":true,"href":"https:\/\/codexflores.ch\/index.php\/wp-json\/wp\/v2\/categories?post=1577"},{"taxonomy":"post_tag","embeddable":true,"href":"https:\/\/codexflores.ch\/index.php\/wp-json\/wp\/v2\/tags?post=1577"}],"curies":[{"name":"wp","href":"https:\/\/api.w.org\/{rel}","templated":true}]}}