{"id":1579,"date":"2014-07-18T06:14:56","date_gmt":"2014-07-18T06:14:56","guid":{"rendered":"https:\/\/codexflores.ch\/index.php\/2014\/07\/18\/25-jahre-schweizer-jazzarchiv\/"},"modified":"2014-07-18T06:14:56","modified_gmt":"2014-07-18T06:14:56","slug":"25-jahre-schweizer-jazzarchiv","status":"publish","type":"post","link":"https:\/\/codexflores.ch\/index.php\/2014\/07\/18\/25-jahre-schweizer-jazzarchiv\/","title":{"rendered":"25 Jahre Schweizer Jazzarchiv"},"content":{"rendered":"<p><span style=\"font-family: arial,helvetica,sans-serif; font-size: small;\">18.07.2014 &#8212; Das Schweizer Jazzarchiv, untergebracht im SwissJazzOrama Uster, wird 25 Jahre alt und gestaltet zum Silberjubil\u00e4um eine besondere Ausstellung.<\/span><\/p>\n<p><strong><span style=\"font-family: arial,helvetica,sans-serif; font-size: small;\">18.07.2014 &#8212; Das Schweizer Jazzarchiv, untergebracht im SwissJazzOrama Uster, wird 25 Jahre alt und gestaltet zum Silberjubil\u00e4um eine besondere Ausstellung.<\/span><\/strong><\/p>\n<p><span style=\"font-family: arial,helvetica,sans-serif; font-size: small;\">\u00a0<\/span><\/p>\n<p><span style=\"font-family: arial,helvetica,sans-serif; font-size: small;\">In Text, Bild und Ton ehrt die Schau ab 5. September 2014 die Gr\u00fcnder dieser Institution sowie all jene Donatoren, die in besonderem Mass zu den wertvollen und teilweise einzigartigen Best\u00e4nden dieses nationalen Archivs beigetragen haben.<\/span><\/p>\n<p>\u00a0<\/p>\n<p><span style=\"font-family: arial,helvetica,sans-serif; font-size: small;\"> Begonnen hatte alles 1989 mit der Gr\u00fcndung des Tr\u00e4gervereins Pro Jazz Schweiz und der Erweiterung der Jazzsammlung von Otto Fl\u00fcckiger zum Jazzarchiv in Rheinfelden. Nach einer vierj\u00e4hrigen Zwischenphase in Arlesheim siedelte das Schweizer Jazzarchiv nach Uster \u00fcber, wo es 1998 in neuen Strukturen und unter neuer Tr\u00e4gerschaft als SwissJazzOrama aufbl\u00fchte. Das SwissJazzOrama sammelt und archiviert Ton- und Bildtr\u00e4ger, Literatur und Zeugnisse aller Art aus der Welt des Jazz, konzentriert sich dabei aber auf Sammelgut mit schweizerischen Bez\u00fcgen.<\/span><\/p>\n<p>\u00a0<\/p>\n<p><span style=\"font-family: arial,helvetica,sans-serif; font-size: small;\">Die Jubil\u00e4umsausstellung \u00ab25 Jahre Jazzarchiv\u00bb feiert am Freitag, 5. September, 17 Uhr, ihre Vernissage am Sitz des SwissJazzOrama. Das erste Vierteljahrhundert Jazzarchiv gibt \u00fcberdies Anlass f\u00fcr ein konzertantes Jazzweekend (7.\/8.\/9. November 2014) und weitere Aktionen.<em> (pd)<\/em><\/span><\/p>\n<p><span style=\"font-family: arial,helvetica,sans-serif; font-size: small;\">\u00a0<\/span><\/p>\n<p>\u00a0<\/p>\n","protected":false},"excerpt":{"rendered":"<p><span style=\"font-family: arial,helvetica,sans-serif; font-size: small;\">18.07.2014 &#8212; Das Schweizer Jazzarchiv, untergebracht im SwissJazzOrama Uster, wird 25 Jahre alt und gestaltet zum Silberjubil\u00e4um eine besondere Ausstellung.<\/span><\/p>\n","protected":false},"author":1,"featured_media":0,"comment_status":"open","ping_status":"open","sticky":false,"template":"","format":"standard","meta":{"footnotes":""},"categories":[2],"tags":[],"class_list":["post-1579","post","type-post","status-publish","format-standard","hentry","category-nachrichten","entry"],"_links":{"self":[{"href":"https:\/\/codexflores.ch\/index.php\/wp-json\/wp\/v2\/posts\/1579","targetHints":{"allow":["GET"]}}],"collection":[{"href":"https:\/\/codexflores.ch\/index.php\/wp-json\/wp\/v2\/posts"}],"about":[{"href":"https:\/\/codexflores.ch\/index.php\/wp-json\/wp\/v2\/types\/post"}],"author":[{"embeddable":true,"href":"https:\/\/codexflores.ch\/index.php\/wp-json\/wp\/v2\/users\/1"}],"replies":[{"embeddable":true,"href":"https:\/\/codexflores.ch\/index.php\/wp-json\/wp\/v2\/comments?post=1579"}],"version-history":[{"count":0,"href":"https:\/\/codexflores.ch\/index.php\/wp-json\/wp\/v2\/posts\/1579\/revisions"}],"wp:attachment":[{"href":"https:\/\/codexflores.ch\/index.php\/wp-json\/wp\/v2\/media?parent=1579"}],"wp:term":[{"taxonomy":"category","embeddable":true,"href":"https:\/\/codexflores.ch\/index.php\/wp-json\/wp\/v2\/categories?post=1579"},{"taxonomy":"post_tag","embeddable":true,"href":"https:\/\/codexflores.ch\/index.php\/wp-json\/wp\/v2\/tags?post=1579"}],"curies":[{"name":"wp","href":"https:\/\/api.w.org\/{rel}","templated":true}]}}