{"id":1583,"date":"2014-07-21T06:27:51","date_gmt":"2014-07-21T06:27:51","guid":{"rendered":"https:\/\/codexflores.ch\/index.php\/2014\/07\/21\/redmann-folgt-an-der-hmt-muenchen-auf-mauser\/"},"modified":"2014-07-21T06:27:51","modified_gmt":"2014-07-21T06:27:51","slug":"redmann-folgt-an-der-hmt-muenchen-auf-mauser","status":"publish","type":"post","link":"https:\/\/codexflores.ch\/index.php\/2014\/07\/21\/redmann-folgt-an-der-hmt-muenchen-auf-mauser\/","title":{"rendered":"Redmann folgt an der HMT M\u00fcnchen auf Mauser"},"content":{"rendered":"<p><span style=\"font-family: arial,helvetica,sans-serif; font-size: small;\">21.07.2014 &#8212; Der Komponist und Musikwissenschaftler Bernd Redmann wird Pr\u00e4sident der Hochschule f\u00fcr Musik und Theater M\u00fcnchen. Er tritt am 1. Oktober 2014 die Nachfolge von Siegfried Mauser an, der zu diesem Zeitpunkt als Rektor an die Universit\u00e4t Mozarteum Salzburg wechselt.<\/span><\/p>\n<p><span style=\"font-family: arial,helvetica,sans-serif; font-size: small;\"><strong>21.07.2014 &#8212; Der Komponist und Musikwissenschaftler Bernd Redmann wird Pr\u00e4sident der Hochschule f\u00fcr Musik und Theater M\u00fcnchen. Er tritt am 1. Oktober 2014 die Nachfolge von Siegfried Mauser an, der zu diesem Zeitpunkt als Rektor an die Universit\u00e4t Mozarteum Salzburg wechselt.<\/strong><\/span><\/p>\n<p><span style=\"font-family: arial,helvetica,sans-serif; font-size: small;\">\u00a0<\/span><\/p>\n<p><span style=\"font-family: arial,helvetica,sans-serif; font-size: small;\">Redmann hat an der M\u00fcnchener Musikhochschule Schulmusik, Komposition und Musiktheorie sowie Musikwissenschaft an der LMU und an der Universit\u00e4t Salzburg studiert, wo er 1997 promovierte. Nach Lehrauftr\u00e4gen an den Musikhochschulen M\u00fcnchen, Salzburg und K\u00f6ln war er von 1999 bis 2005 Professor f\u00fcr Tonsatz und Improvisation an der K\u00f6lner Musikhochschule und \u00fcbernahm 2005 eine Professur f\u00fcr Musiktheorie und Geh\u00f6rbildung an der Hochschule f\u00fcr Musik und Theater M\u00fcnchen. <\/span><\/p>\n<p>\u00a0<\/p>\n<p><span style=\"font-family: arial,helvetica,sans-serif; font-size: small;\">Seit 2009 ist er als Vorsitzender der BA\/MA-Studienkommission verantwortlich f\u00fcr die Studienreform, der Hochschulleitung geh\u00f6rt er seit 2011 als Vizepr\u00e4sident f\u00fcr Studium und Lehre an\u00a0<em> (cf)<\/em><\/span><\/p>\n<p>\u00a0<\/p>\n","protected":false},"excerpt":{"rendered":"<p><span style=\"font-family: arial,helvetica,sans-serif; font-size: small;\">21.07.2014 &#8212; Der Komponist und Musikwissenschaftler Bernd Redmann wird Pr\u00e4sident der Hochschule f\u00fcr Musik und Theater M\u00fcnchen. Er tritt am 1. Oktober 2014 die Nachfolge von Siegfried Mauser an, der zu diesem Zeitpunkt als Rektor an die Universit\u00e4t Mozarteum Salzburg wechselt.<\/span><\/p>\n","protected":false},"author":1,"featured_media":0,"comment_status":"open","ping_status":"open","sticky":false,"template":"","format":"standard","meta":{"footnotes":""},"categories":[2],"tags":[],"class_list":["post-1583","post","type-post","status-publish","format-standard","hentry","category-nachrichten","entry"],"_links":{"self":[{"href":"https:\/\/codexflores.ch\/index.php\/wp-json\/wp\/v2\/posts\/1583","targetHints":{"allow":["GET"]}}],"collection":[{"href":"https:\/\/codexflores.ch\/index.php\/wp-json\/wp\/v2\/posts"}],"about":[{"href":"https:\/\/codexflores.ch\/index.php\/wp-json\/wp\/v2\/types\/post"}],"author":[{"embeddable":true,"href":"https:\/\/codexflores.ch\/index.php\/wp-json\/wp\/v2\/users\/1"}],"replies":[{"embeddable":true,"href":"https:\/\/codexflores.ch\/index.php\/wp-json\/wp\/v2\/comments?post=1583"}],"version-history":[{"count":0,"href":"https:\/\/codexflores.ch\/index.php\/wp-json\/wp\/v2\/posts\/1583\/revisions"}],"wp:attachment":[{"href":"https:\/\/codexflores.ch\/index.php\/wp-json\/wp\/v2\/media?parent=1583"}],"wp:term":[{"taxonomy":"category","embeddable":true,"href":"https:\/\/codexflores.ch\/index.php\/wp-json\/wp\/v2\/categories?post=1583"},{"taxonomy":"post_tag","embeddable":true,"href":"https:\/\/codexflores.ch\/index.php\/wp-json\/wp\/v2\/tags?post=1583"}],"curies":[{"name":"wp","href":"https:\/\/api.w.org\/{rel}","templated":true}]}}