{"id":159,"date":"2014-01-09T15:49:24","date_gmt":"2014-01-09T15:49:24","guid":{"rendered":"https:\/\/codexflores.ch\/index.php\/2014\/01\/09\/fedora-zu-domingos-geburtstag\/"},"modified":"2014-01-09T15:49:24","modified_gmt":"2014-01-09T15:49:24","slug":"fedora-zu-domingos-geburtstag","status":"publish","type":"post","link":"https:\/\/codexflores.ch\/index.php\/2014\/01\/09\/fedora-zu-domingos-geburtstag\/","title":{"rendered":"\u00abFedora\u00bb zu Domingos Geburtstag"},"content":{"rendered":"<p><span class=\"txt-m-black\"><img decoding=\"async\" src=\"http:\/\/212.60.37.143\/bilder\/2011\/110225fedora.jpg\" border=\"0\" align=\"left\" \/>25.02.2011 &#8212; Eine Velotour im Berner Oberland! Und dann stirbt \u2013 wie in Opern des ausgehenden 19. Jahrhunderts \u00fcblich \u2013 die Titelheldin. Nat\u00fcrlich auf tragische Weise, selbstverst\u00e4ndlich nach fatalen Missverst\u00e4ndnissen. Wie dumm sind die Menschen doch! Und wie hoffnungslos romantisch. Das ist in etwa das Universum der Oper \u00abFedora\u00bb Umberto Giordanos. Fedora will Ipanov, den vermeintlichen M\u00f6rder ihres Verlobten, zur Strecke bringen, entdeckt dann aber, dass ihr Beinahe-Ehemann sich an die Frau Ipanovs rangemacht hat, Ipanov ihn dabei ertappte und ihn in Notwehr erschoss. Dann verliebt sie sich auch noch in den zun\u00e4chst zu Unrecht beschuldigten.<\/p>\n<p> Ipanovs Tenor-Arie \u00abAmor ti Vieta\u00bb (\u00abdein Auge sagt mir, ich liebe dich!\u2019,\/ auch wenn deine Lippen sagen: \u201aich liebe dich nicht\u2019\u00bb &#8211; da schmilzt doch jeder) ist ein Renner. Enrico Caruso, der 1898 in Mailand die Urauff\u00fchrung sang, ist in einer Aufnahme von 1902 (von Naxos vertrieben) auch heute noch damit zu h\u00f6ren. Und noch einmal: Pl\u00e1cido Domingo. Er hat \u00abFedora\u00bb mit Mirella Freni vor Jahren bereits eingesungen. Nun bringt die Deutsche Grammophon anl\u00e4sslich seines 70. Geburtstages eine Variante mit Angela Gheorghiu als Partnerin auf den Markt. Das restliche Personal \u2013 unter anderen Nino Machaidze (Olga \u2013 eine Art Paris Hilton des Fin de Si\u00e8cle), Fabio Maria Capitanucci und der Dirigent Alberto Veronesi \u2013 sind auch nicht von schlechten Eltern. <\/p>\n<p> Das Orchestre symphonique und die Choeurs de la Monnaie, sprich die Hausensembles der Br\u00fcsseler Oper, geh\u00f6ren vielleicht nicht gerade zu den allerbekanntesten Klangk\u00f6rpern. Das Orchester hat aber letztes Jahr unter Gerd Albrecht gezeigt, dass es auch Bruckner stilecht aufs Podium zu bringen vermag. Es macht auch hier einen exzellenten Eindruck. <\/p>\n<p> Das mit der Velotour im Berner Oberland stimmt \u00fcbrigens. Auf die begibt sich gegen Ende der Oper Olga mit einem Verehrer von der Villa Fedoras aus. Laut Regieanweisung zum dritten Akt sieht man von der Residenz aus das Schloss Thun und dahinter die Berner Alpen. Sie muss sich also im Umfeld von Heimberg oder Steffisburg befinden \u2013 nicht gerade die glamour\u00f6seste Gegend, aber was soll\u2019s \u2013 solange keiner auf die Idee kommt, das Werk dort als \u00abOper am Schauplatz\u00bb aufzuf\u00fchren&#8230;<\/p>\n<p> Das Libretto zur Geschichte ist dramaturgisch raffiniert und effektvoll gebaut. Eine schon fast modern anmutende Schl\u00fcsselstelle ist ein Dialog, in dem Ipanov Fedora gesteht, ihren Verlobten get\u00f6tet zu haben, w\u00e4hrend im Nebenraum ein modischer Pianist der Zeit, vorgestellt in eitler Aufgeregtheit von Olga, zwei Pi\u00e8cen zum Besten gibt (\u00abEnkel und Nachfolger Chopins, Poet des Klaviers, Prinz der Gef\u00fchle, Zauberer\u00bb \u2013 uns ertappten Musikjournalisten steigt die Schamesr\u00f6te ins Gesicht). <\/p>\n<p> Just zum Bekenntnis Ipanovs und zum Schwur Fedoras, ihn nicht davonkommen zu lassen, applaudiert das Publikum und man glaubt sich in die moderne Privatfernseh-, Facebook- und Youtube-Zeit der voyeuristischen Sucht nach inszenierten Bekenntnissen und Schicksalen versetzt. <\/p>\n<p> Nun ist er also siebzig, der grosse Tenor, und ins Baritonfach ist er, halb gezogen, auch schon gesunken. Die vorliegende Aufnahme ist vergleichsweise jung, sie ist im Januar 2008, also vor ziemlich genau drei Jahren realisiert worden. Auch da zeigt Domingo, der Unerm\u00fcdliche, wenig Verschleisserscheinungen und nach wie vor viel s\u00e4ngerisches Charisma. <em>(wb)<\/em> <\/p>\n<p> <em><span class=\"txt-s-black\" style=\"font-size: x-small;\">Umberto Giordano: Fedora, mit Angela Gheorghiu, Pl\u00e1cido, Domingo, Nino Machaidze, Fabio Maria Capitanucci, Orchestre Symphonique et Ch\u0153urs de la Monnaie, Alberto Veronesi (Leitung), Deutsche Grammophon\/Universal, Booklet mit Libretto in franz.\/deutsch\/ital.\/engl. 2 CD\/Download, Best.Nr. 477 8367.<\/span><\/em><\/span><\/p>\n","protected":false},"excerpt":{"rendered":"<p>25.02.2011 &#8212; Eine Velotour im Berner Oberland! Und dann stirbt \u2013 wie in Opern des ausgehenden 19. Jahrhunderts \u00fcblich \u2013&#8230;<\/p>\n","protected":false},"author":1,"featured_media":0,"comment_status":"open","ping_status":"open","sticky":false,"template":"","format":"standard","meta":{"footnotes":""},"categories":[4],"tags":[],"class_list":["post-159","post","type-post","status-publish","format-standard","hentry","category-im-gespraech","entry"],"_links":{"self":[{"href":"https:\/\/codexflores.ch\/index.php\/wp-json\/wp\/v2\/posts\/159","targetHints":{"allow":["GET"]}}],"collection":[{"href":"https:\/\/codexflores.ch\/index.php\/wp-json\/wp\/v2\/posts"}],"about":[{"href":"https:\/\/codexflores.ch\/index.php\/wp-json\/wp\/v2\/types\/post"}],"author":[{"embeddable":true,"href":"https:\/\/codexflores.ch\/index.php\/wp-json\/wp\/v2\/users\/1"}],"replies":[{"embeddable":true,"href":"https:\/\/codexflores.ch\/index.php\/wp-json\/wp\/v2\/comments?post=159"}],"version-history":[{"count":0,"href":"https:\/\/codexflores.ch\/index.php\/wp-json\/wp\/v2\/posts\/159\/revisions"}],"wp:attachment":[{"href":"https:\/\/codexflores.ch\/index.php\/wp-json\/wp\/v2\/media?parent=159"}],"wp:term":[{"taxonomy":"category","embeddable":true,"href":"https:\/\/codexflores.ch\/index.php\/wp-json\/wp\/v2\/categories?post=159"},{"taxonomy":"post_tag","embeddable":true,"href":"https:\/\/codexflores.ch\/index.php\/wp-json\/wp\/v2\/tags?post=159"}],"curies":[{"name":"wp","href":"https:\/\/api.w.org\/{rel}","templated":true}]}}