{"id":1594,"date":"2014-07-24T07:36:37","date_gmt":"2014-07-24T07:36:37","guid":{"rendered":"https:\/\/codexflores.ch\/index.php\/2014\/07\/24\/adt-verlaengert-vertrag-in-bad-reichenhall-nicht\/"},"modified":"2014-07-24T07:36:37","modified_gmt":"2014-07-24T07:36:37","slug":"adt-verlaengert-vertrag-in-bad-reichenhall-nicht","status":"publish","type":"post","link":"https:\/\/codexflores.ch\/index.php\/2014\/07\/24\/adt-verlaengert-vertrag-in-bad-reichenhall-nicht\/","title":{"rendered":"Adt verl\u00e4ngert Vertrag in Bad Reichenhall nicht"},"content":{"rendered":"<p><span style=\"font-family: arial,helvetica,sans-serif; font-size: small;\">24.07.2014 &#8212; Wie das Orchester mitteilt wird Christoph Adt, seit 1. Dezember 2011 Chefdirigent und K\u00fcnstlerischer Leiter der Bad Reichenhaller Philharmonie seine regul\u00e4re T\u00e4tigkeit in Bad Reichenhall zum 30. November 2015 auf eigenen Wunsch beenden.<\/span><\/p>\n<p><span style=\"font-family: arial,helvetica,sans-serif; font-size: small;\"><strong>24.07.2014 &#8212; Wie das Orchester mitteilt wird Christoph Adt, seit 1. Dezember 2011 Chefdirigent und K\u00fcnstlerischer Leiter der Bad Reichenhaller Philharmonie seine regul\u00e4re T\u00e4tigkeit in Bad Reichenhall zum 30. November 2015 auf eigenen Wunsch beenden.<\/strong><\/span><\/p>\n<p>\u00a0<\/p>\n<p><span style=\"font-family: arial,helvetica,sans-serif; font-size: small;\">Mit diesem Zeitpunkt endet der derzeitige Vertrag. Adt habe von Beginn an vorgehabt, nach vier Jahren seine Arbeit als K\u00fcnstlerischer Leiter und Chefdirigent zu beenden, heisst es in der offiziellen Mitteilung des Ensembles. <\/span><\/p>\n<p><span style=\"font-family: arial,helvetica,sans-serif; font-size: small;\">\u00a0<\/span><\/p>\n<p><span style=\"font-family: arial,helvetica,sans-serif; font-size: small;\">Adt studierte bei Thomas Ungar und Ferdinand Leitner. Er leitete das Junge Kammerorchester Stuttgart und ist seit 1998 an der Hochschule f\u00fcr Musik und Theater in M\u00fcnchen t\u00e4tig. Mit verschiedenen Rundfunkch\u00f6ren in Deutschland erarbeitete er Werke von Stockhausen, Xenakis, Ligeti, Nono und weiteren Komponisten des 20. und 21. Jahrhunderts. <em>(cf)<\/em><\/span><\/p>\n<p>\u00a0<\/p>\n<p>\u00a0<\/p>\n","protected":false},"excerpt":{"rendered":"<p><span style=\"font-family: arial,helvetica,sans-serif; font-size: small;\">24.07.2014 &#8212; Wie das Orchester mitteilt wird Christoph Adt, seit 1. Dezember 2011 Chefdirigent und K\u00fcnstlerischer Leiter der Bad Reichenhaller Philharmonie seine regul\u00e4re T\u00e4tigkeit in Bad Reichenhall zum 30. November 2015 auf eigenen Wunsch beenden.<\/span><\/p>\n","protected":false},"author":1,"featured_media":0,"comment_status":"open","ping_status":"open","sticky":false,"template":"","format":"standard","meta":{"footnotes":""},"categories":[2],"tags":[],"class_list":["post-1594","post","type-post","status-publish","format-standard","hentry","category-nachrichten","entry"],"_links":{"self":[{"href":"https:\/\/codexflores.ch\/index.php\/wp-json\/wp\/v2\/posts\/1594","targetHints":{"allow":["GET"]}}],"collection":[{"href":"https:\/\/codexflores.ch\/index.php\/wp-json\/wp\/v2\/posts"}],"about":[{"href":"https:\/\/codexflores.ch\/index.php\/wp-json\/wp\/v2\/types\/post"}],"author":[{"embeddable":true,"href":"https:\/\/codexflores.ch\/index.php\/wp-json\/wp\/v2\/users\/1"}],"replies":[{"embeddable":true,"href":"https:\/\/codexflores.ch\/index.php\/wp-json\/wp\/v2\/comments?post=1594"}],"version-history":[{"count":0,"href":"https:\/\/codexflores.ch\/index.php\/wp-json\/wp\/v2\/posts\/1594\/revisions"}],"wp:attachment":[{"href":"https:\/\/codexflores.ch\/index.php\/wp-json\/wp\/v2\/media?parent=1594"}],"wp:term":[{"taxonomy":"category","embeddable":true,"href":"https:\/\/codexflores.ch\/index.php\/wp-json\/wp\/v2\/categories?post=1594"},{"taxonomy":"post_tag","embeddable":true,"href":"https:\/\/codexflores.ch\/index.php\/wp-json\/wp\/v2\/tags?post=1594"}],"curies":[{"name":"wp","href":"https:\/\/api.w.org\/{rel}","templated":true}]}}