{"id":1596,"date":"2014-07-25T06:57:39","date_gmt":"2014-07-25T06:57:39","guid":{"rendered":"https:\/\/codexflores.ch\/index.php\/2014\/07\/25\/dem-orchestre-dijon-bourgogne-droht-das-aus\/"},"modified":"2014-07-25T06:57:39","modified_gmt":"2014-07-25T06:57:39","slug":"dem-orchestre-dijon-bourgogne-droht-das-aus","status":"publish","type":"post","link":"https:\/\/codexflores.ch\/index.php\/2014\/07\/25\/dem-orchestre-dijon-bourgogne-droht-das-aus\/","title":{"rendered":"Dem Orchestre Dijon-Bourgogne droht das Aus"},"content":{"rendered":"<p><span style=\"font-family: arial,helvetica,sans-serif; font-size: small;\">25.07.2014 &#8212; Dem 2009 aus der Fusion der Camerata de Bourgogne und dem Orchestre de l\u2019Op\u00e9ra de Dijon hervorgegangenen franz\u00f6sischen Orchestre Dijon-Bourgogne droht bereits das Aus. Wegen Subventionsk\u00fcrzungen.<\/span><\/p>\n<p><span style=\"font-family: arial,helvetica,sans-serif; font-size: small;\"><strong>25.07.2014 &#8212; Dem 2009 aus der Fusion der Camerata de Bourgogne und dem Orchestre de l\u2019Op\u00e9ra de Dijon hervorgegangenen franz\u00f6sischen Orchestre Dijon-Bourgogne droht bereits das Aus. Wegen Subventionsk\u00fcrzungen.<\/strong><\/span><\/p>\n<p><span style=\"font-family: arial,helvetica,sans-serif; font-size: small;\">\u00a0<\/span><\/p>\n<p><span style=\"font-family: arial,helvetica,sans-serif; font-size: small;\">Weil das Ensemble f\u00fcr die vergangene Saison nicht f\u00fcr den Operndienst in Dijon engagiert wurde, sind ihm ein F\u00fcnftel der Subventionen gestrichen worden. Auch f\u00fcr 2014\/2015 soll es in Dijon nicht zum Zug kommen. An seiner Stelle hat das Opernhaus mit einem Ad-hoc-Ensemble gearbeitet und mit diesem unter anderem eine Wagner-Tetralogie realisiert.<\/span><\/p>\n<p><span style=\"font-family: arial,helvetica,sans-serif; font-size: small;\">\u00a0<\/span><\/p>\n<p><span style=\"font-family: arial,helvetica,sans-serif; font-size: small;\">F\u00fcr die Zukunft der regionalen Orchesters, unter anderem in Poitou-Charentes, Picardie und Limousin, w\u00e4re die Aufl\u00f6sung des Orchestre Dijon-Bourgogne ein fatales Negativsignal, schreibt das Fachmagazin <em>Resmusica<\/em>. <em>(cf)<\/em><\/span><\/p>\n<p><span style=\"font-family: arial,helvetica,sans-serif; font-size: small;\">\u00a0<\/span><\/p>\n","protected":false},"excerpt":{"rendered":"<p><span style=\"font-family: arial,helvetica,sans-serif; font-size: small;\">25.07.2014 &#8212; Dem 2009 aus der Fusion der Camerata de Bourgogne und dem Orchestre de l\u2019Op\u00e9ra de Dijon hervorgegangenen franz\u00f6sischen Orchestre Dijon-Bourgogne droht bereits das Aus. Wegen Subventionsk\u00fcrzungen.<\/span><\/p>\n","protected":false},"author":1,"featured_media":0,"comment_status":"open","ping_status":"open","sticky":false,"template":"","format":"standard","meta":{"footnotes":""},"categories":[2],"tags":[],"class_list":["post-1596","post","type-post","status-publish","format-standard","hentry","category-nachrichten","entry"],"_links":{"self":[{"href":"https:\/\/codexflores.ch\/index.php\/wp-json\/wp\/v2\/posts\/1596","targetHints":{"allow":["GET"]}}],"collection":[{"href":"https:\/\/codexflores.ch\/index.php\/wp-json\/wp\/v2\/posts"}],"about":[{"href":"https:\/\/codexflores.ch\/index.php\/wp-json\/wp\/v2\/types\/post"}],"author":[{"embeddable":true,"href":"https:\/\/codexflores.ch\/index.php\/wp-json\/wp\/v2\/users\/1"}],"replies":[{"embeddable":true,"href":"https:\/\/codexflores.ch\/index.php\/wp-json\/wp\/v2\/comments?post=1596"}],"version-history":[{"count":0,"href":"https:\/\/codexflores.ch\/index.php\/wp-json\/wp\/v2\/posts\/1596\/revisions"}],"wp:attachment":[{"href":"https:\/\/codexflores.ch\/index.php\/wp-json\/wp\/v2\/media?parent=1596"}],"wp:term":[{"taxonomy":"category","embeddable":true,"href":"https:\/\/codexflores.ch\/index.php\/wp-json\/wp\/v2\/categories?post=1596"},{"taxonomy":"post_tag","embeddable":true,"href":"https:\/\/codexflores.ch\/index.php\/wp-json\/wp\/v2\/tags?post=1596"}],"curies":[{"name":"wp","href":"https:\/\/api.w.org\/{rel}","templated":true}]}}