{"id":1597,"date":"2014-07-25T07:13:50","date_gmt":"2014-07-25T07:13:50","guid":{"rendered":"https:\/\/codexflores.ch\/index.php\/2014\/07\/25\/arbeitskampf-droht-met-lahmzulegen\/"},"modified":"2014-07-25T07:13:50","modified_gmt":"2014-07-25T07:13:50","slug":"arbeitskampf-droht-met-lahmzulegen","status":"publish","type":"post","link":"https:\/\/codexflores.ch\/index.php\/2014\/07\/25\/arbeitskampf-droht-met-lahmzulegen\/","title":{"rendered":"Arbeitskampf droht Met lahmzulegen"},"content":{"rendered":"<p><span style=\"font-family: arial,helvetica,sans-serif; font-size: small;\">25.07.2014 &#8212; Ein hart gef\u00fchrter Arbeitskampf zwischen den Gewerkschaften sowie dem k\u00fcnstlerischem Personal auf der einen und Gesch\u00e4ftsf\u00fchrer Peter Gelb auf der andern Seite droht die New York Metropolitan Opera lahmzulegen. Gelb droht per 1. August mit Aussperrungen.<\/span><\/p>\n<p><span style=\"font-family: arial,helvetica,sans-serif; font-size: small;\"><strong>25.07.2014 &#8212;\u00a0Ein hart gef\u00fchrter Arbeitskampf zwischen den Gewerkschaften sowie dem k\u00fcnstlerischem Personal auf der einen und Gesch\u00e4ftsf\u00fchrer Peter Gelb auf der andern Seite droht die New York Metropolitan Opera lahmzulegen. Gelb droht per 1. August mit Aussperrungen.<\/strong><\/span><\/p>\n<p><span style=\"font-family: arial,helvetica,sans-serif; font-size: small;\">\u00a0<\/span><\/p>\n<p><span style=\"font-family: arial,helvetica,sans-serif; font-size: small;\">Laut <em>New York Times<\/em> erkl\u00e4rt Gelb, wenn nicht bis zum 31. Juli \u00fcber Sparmassnahmen eine Einigung erzielt werde, werde er den Betrieb per 1. August einstellen.\u00a0\u00c4usserungen wie diejenige von Alan S. Gordon, dem Executive Director der American Guild of Musical Artists, der f\u00fcr eine Einigung keinerlei Chancen sieht, zeichnen ein eher pessimistisches Bild.<\/span><\/p>\n<p><span style=\"font-family: arial,helvetica,sans-serif; font-size: small;\">\u00a0<\/span><\/p>\n<p><span style=\"font-family: arial,helvetica,sans-serif; font-size: small;\">Die Personalabteilung der Met droht den Mitarbeitern im Fall einer Ausperrung mit der automatischen Sistierung der Krankenkassen-Deckung. Sollten diese privat weitergef\u00fchrt werden, bedeutete dies f\u00fcr Familien Kosten von knapp 3000 Dollar pro Monat.<\/span><\/p>\n<p><span style=\"font-family: arial,helvetica,sans-serif; font-size: small;\">\u00a0<\/span><\/p>\n<p><span style=\"font-family: arial,helvetica,sans-serif; font-size: small;\">Sollte es tats\u00e4chlich zu Ausperrungen kommen, w\u00e4ren dies die ersten seit 1980. Damals verz\u00f6gerte sich die Saisoner\u00f6ffnung wegen eines Arbeitskampfes um elf Wochen. <em>(cf)<\/em><\/span><\/p>\n<p><span style=\"font-family: arial,helvetica,sans-serif; font-size: small;\">\u00a0<\/span><\/p>\n","protected":false},"excerpt":{"rendered":"<p><span style=\"font-family: arial,helvetica,sans-serif; font-size: small;\">25.07.2014 &#8212; Ein hart gef\u00fchrter Arbeitskampf zwischen den Gewerkschaften sowie dem k\u00fcnstlerischem Personal auf der einen und Gesch\u00e4ftsf\u00fchrer Peter Gelb auf der andern Seite droht die New York Metropolitan Opera lahmzulegen. Gelb droht per 1. August mit Aussperrungen.<\/span><\/p>\n","protected":false},"author":1,"featured_media":0,"comment_status":"open","ping_status":"open","sticky":false,"template":"","format":"standard","meta":{"footnotes":""},"categories":[2],"tags":[],"class_list":["post-1597","post","type-post","status-publish","format-standard","hentry","category-nachrichten","entry"],"_links":{"self":[{"href":"https:\/\/codexflores.ch\/index.php\/wp-json\/wp\/v2\/posts\/1597","targetHints":{"allow":["GET"]}}],"collection":[{"href":"https:\/\/codexflores.ch\/index.php\/wp-json\/wp\/v2\/posts"}],"about":[{"href":"https:\/\/codexflores.ch\/index.php\/wp-json\/wp\/v2\/types\/post"}],"author":[{"embeddable":true,"href":"https:\/\/codexflores.ch\/index.php\/wp-json\/wp\/v2\/users\/1"}],"replies":[{"embeddable":true,"href":"https:\/\/codexflores.ch\/index.php\/wp-json\/wp\/v2\/comments?post=1597"}],"version-history":[{"count":0,"href":"https:\/\/codexflores.ch\/index.php\/wp-json\/wp\/v2\/posts\/1597\/revisions"}],"wp:attachment":[{"href":"https:\/\/codexflores.ch\/index.php\/wp-json\/wp\/v2\/media?parent=1597"}],"wp:term":[{"taxonomy":"category","embeddable":true,"href":"https:\/\/codexflores.ch\/index.php\/wp-json\/wp\/v2\/categories?post=1597"},{"taxonomy":"post_tag","embeddable":true,"href":"https:\/\/codexflores.ch\/index.php\/wp-json\/wp\/v2\/tags?post=1597"}],"curies":[{"name":"wp","href":"https:\/\/api.w.org\/{rel}","templated":true}]}}