{"id":1598,"date":"2014-07-28T05:39:40","date_gmt":"2014-07-28T05:39:40","guid":{"rendered":"https:\/\/codexflores.ch\/index.php\/2014\/07\/28\/galaz-salamanca-franz-liszt-stipendiat\/"},"modified":"2014-07-28T05:39:40","modified_gmt":"2014-07-28T05:39:40","slug":"galaz-salamanca-franz-liszt-stipendiat","status":"publish","type":"post","link":"https:\/\/codexflores.ch\/index.php\/2014\/07\/28\/galaz-salamanca-franz-liszt-stipendiat\/","title":{"rendered":"Galaz Salamanca Franz-Liszt-Stipendiat"},"content":{"rendered":"<p><span style=\"font-family: arial,helvetica,sans-serif; font-size: small;\">28.07.2014 &#8212; Pablo Galaz Salamanca heisst der neue Franz-Liszt-Stipendiat 2014 der Hochschule f\u00fcr Musik Franz Liszt Weimar. Beim Kompositions-Workshop im Rahmen der 55. Weimarer Meisterkurse konnte der eigens aus Chile angereiste 30-j\u00e4hrige Komponist die Jury mit seinen Werken von sich \u00fcberzeugen.<\/span><\/p>\n<p><span style=\"font-family: arial,helvetica,sans-serif; font-size: small;\"><strong>28.07.2014 &#8212; Pablo Galaz Salamanca heisst der neue Franz-Liszt-Stipendiat 2014 der Hochschule f\u00fcr Musik Franz Liszt Weimar. Beim Kompositions-Workshop im Rahmen der 55. Weimarer Meisterkurse konnte der eigens aus Chile angereiste 30-j\u00e4hrige Komponist die Jury mit seinen Werken von sich \u00fcberzeugen.<\/strong><\/span><\/p>\n<p><span style=\"font-family: arial,helvetica,sans-serif; font-size: small;\">\u00a0<\/span><\/p>\n<p><span style=\"font-family: arial,helvetica,sans-serif; font-size: small;\">Pablo Galaz Salamanca, 1983 in Santiago de Chile geboren, begann seine musikalische Ausbildung auf der klassischen Gitarre. 2010 machte er sein Diplom an der Universit\u00e4t von Chile. Bis 2012 setzte er seine Studien im Fach Komposition am Conservatoire de Paris in der Klasse von Stefano Gervasoni fort und schloss dort mit einem Master of Music ab. Momentan absolviert er Spezialkurse f\u00fcr Komponisten am IRCAM in Paris. \u00a0<\/span><\/p>\n<p><span style=\"font-family: arial,helvetica,sans-serif; font-size: small;\">\u00a0<\/span><\/p>\n<p><span style=\"font-family: arial,helvetica,sans-serif; font-size: small;\">Das mit insgesamt 3000 Euro dotierte Franz-Liszt-Stipendium erm\u00f6glicht Galaz nun im Jahr 2015 eine dreimonatige, ungest\u00f6rte sch\u00f6pferische Arbeit in Weimar. Ausserdem soll es w\u00e4hrend seines Aufenthalts in Weimar ein Portr\u00e4tkonzert mit seinen Werken geben.<\/span><\/p>\n<p><span style=\"font-family: arial,helvetica,sans-serif; font-size: small;\">\u00a0<\/span><\/p>\n<p><span style=\"font-family: arial,helvetica,sans-serif; font-size: small;\">38 Bewerberinnen und Bewerber aus der ganzen Welt hatten in der Bewerbungsphase Partituren eingereicht. Die Spanne der Werke reichte von Solost\u00fccken bis hin zu grossen Orchesterwerken. Die Jury w\u00e4hlte schliesslich sechs Komponistinnen und Komponisten aus Spanien, Deutschland, Griechenland, Chile, China und S\u00fcdkorea f\u00fcr die Workshop-Teilnahme Mitte Juli 2014 aus. Zur Jury unter Vorsitz von Michael Obst geh\u00f6rten Robin Minard, Albrecht von Massow sowie Melise Mellinger vom ensemble recherche Freiburg.<em> (cf)<\/em><\/span><\/p>\n<p>\u00a0<\/p>\n","protected":false},"excerpt":{"rendered":"<p><span style=\"font-family: arial,helvetica,sans-serif; font-size: small;\">28.07.2014 &#8212; Pablo Galaz Salamanca heisst der neue Franz-Liszt-Stipendiat 2014 der Hochschule f\u00fcr Musik Franz Liszt Weimar. Beim Kompositions-Workshop im Rahmen der 55. Weimarer Meisterkurse konnte der eigens aus Chile angereiste 30-j\u00e4hrige Komponist die Jury mit seinen Werken von sich \u00fcberzeugen.<\/span><\/p>\n","protected":false},"author":1,"featured_media":0,"comment_status":"open","ping_status":"open","sticky":false,"template":"","format":"standard","meta":{"footnotes":""},"categories":[2],"tags":[],"class_list":["post-1598","post","type-post","status-publish","format-standard","hentry","category-nachrichten","entry"],"_links":{"self":[{"href":"https:\/\/codexflores.ch\/index.php\/wp-json\/wp\/v2\/posts\/1598","targetHints":{"allow":["GET"]}}],"collection":[{"href":"https:\/\/codexflores.ch\/index.php\/wp-json\/wp\/v2\/posts"}],"about":[{"href":"https:\/\/codexflores.ch\/index.php\/wp-json\/wp\/v2\/types\/post"}],"author":[{"embeddable":true,"href":"https:\/\/codexflores.ch\/index.php\/wp-json\/wp\/v2\/users\/1"}],"replies":[{"embeddable":true,"href":"https:\/\/codexflores.ch\/index.php\/wp-json\/wp\/v2\/comments?post=1598"}],"version-history":[{"count":0,"href":"https:\/\/codexflores.ch\/index.php\/wp-json\/wp\/v2\/posts\/1598\/revisions"}],"wp:attachment":[{"href":"https:\/\/codexflores.ch\/index.php\/wp-json\/wp\/v2\/media?parent=1598"}],"wp:term":[{"taxonomy":"category","embeddable":true,"href":"https:\/\/codexflores.ch\/index.php\/wp-json\/wp\/v2\/categories?post=1598"},{"taxonomy":"post_tag","embeddable":true,"href":"https:\/\/codexflores.ch\/index.php\/wp-json\/wp\/v2\/tags?post=1598"}],"curies":[{"name":"wp","href":"https:\/\/api.w.org\/{rel}","templated":true}]}}