{"id":1599,"date":"2014-07-28T06:02:32","date_gmt":"2014-07-28T06:02:32","guid":{"rendered":"https:\/\/codexflores.ch\/index.php\/2014\/07\/28\/tod-des-italienischen-tenors-carlo-bergonzi\/"},"modified":"2014-07-28T06:02:32","modified_gmt":"2014-07-28T06:02:32","slug":"tod-des-italienischen-tenors-carlo-bergonzi","status":"publish","type":"post","link":"https:\/\/codexflores.ch\/index.php\/2014\/07\/28\/tod-des-italienischen-tenors-carlo-bergonzi\/","title":{"rendered":"Tod des italienischen Tenors Carlo Bergonzi"},"content":{"rendered":"<p><span style=\"font-family: arial,helvetica,sans-serif; font-size: small;\">28.07.2014 &#8212; Eine S\u00e4ngerlegende ist tot: Der italienische Tenor Carlo Begonzi ist im Alter von 90 Jahren in Mailand verstorben.<\/span><\/p>\n<p>\u00a0<\/p>\n<p><strong><span style=\"font-family: arial,helvetica,sans-serif; font-size: small;\">28.07.2014 &#8212; Eine S\u00e4ngerlegende ist tot: Der italienische Tenor Carlo Begonzi ist im Alter von 90 Jahren in Mailand verstorben.<\/span><\/strong><\/p>\n<p><span style=\"font-family: arial,helvetica,sans-serif; font-size: small;\">\u00a0<\/span><\/p>\n<p><span style=\"font-family: arial,helvetica,sans-serif; font-size: small;\">Der 1924 im italienischen Vidalenzo geborene Bergonzi studierte am Konservatorium Arrigo Boito von Parma zun\u00e4chst das Bariton-Fach. Seine B\u00fchnenpremiere feierte er 1948 in Lecce in Rossinis <em>Il Barbiere Di Siviglia<\/em> in der Rolle des Figaros. Drei Jahre sp\u00e4ter begann er erneut zu studieren, und er wechselte das Stimmfach. Sein Deb\u00fct als Tenor gab er 1951 in Bari als Andr\u00e9 Ch\u00e9nier in Umberto Giordanos gleichnamiger Oper. 1955 wurde er nach London und Chicago eingeladen. Im darauf folgenden Jahr gab er seinen Einstand an der Met, an der er bis zum Jahr 1972 regelm\u00e4ssig auftrat.<\/span> <\/p>\n<p>\u00a0<\/p>\n<p><span style=\"font-family: arial,helvetica,sans-serif; font-size: small;\">Seit den sp\u00e4ten F\u00fcnfzigern sang er an der Seite von Maria Callas in Donizettis <em>Lucia Di Lammenmoor.<\/em> Er entwickelte sich zu einem der f\u00fchrenden Ten\u00f6re des italienischen Repertoires, sang \u00fcber sechzig verschiedene Partien mit einer stilistischen Bandbreite von Amilcare Ponchielli bis Jules Massenet, wobei seine Lieblingsrolle der Alvaro in <em>La Forza del Destino<\/em> blieb.<\/span><\/p>\n<p>\u00a0<\/p>\n<p><span style=\"font-family: arial,helvetica,sans-serif; font-size: small;\"> Bergonzi verf\u00fcgte \u00fcber eine ausgefeilte Atemtechnik und eine vokale Farbpalette, die es ihm erm\u00f6glichte, sehr unterschiedliche Charaktere dazustellen. Die letzten grossen Konzert gab er nach offiziellen Beendigung seiner B\u00fchnekarrriere 1995 und noch einmal 2000 an der Wiener Staatsoper.<em> (cf)\u00a0<\/em> <\/span><\/p>\n","protected":false},"excerpt":{"rendered":"<p><span style=\"font-family: arial,helvetica,sans-serif; font-size: small;\">28.07.2014 &#8212; Eine S\u00e4ngerlegende ist tot: Der italienische Tenor Carlo Begonzi ist im Alter von 90 Jahren in Mailand verstorben.<\/span><\/p>\n","protected":false},"author":1,"featured_media":0,"comment_status":"open","ping_status":"open","sticky":false,"template":"","format":"standard","meta":{"footnotes":""},"categories":[2],"tags":[],"class_list":["post-1599","post","type-post","status-publish","format-standard","hentry","category-nachrichten","entry"],"_links":{"self":[{"href":"https:\/\/codexflores.ch\/index.php\/wp-json\/wp\/v2\/posts\/1599","targetHints":{"allow":["GET"]}}],"collection":[{"href":"https:\/\/codexflores.ch\/index.php\/wp-json\/wp\/v2\/posts"}],"about":[{"href":"https:\/\/codexflores.ch\/index.php\/wp-json\/wp\/v2\/types\/post"}],"author":[{"embeddable":true,"href":"https:\/\/codexflores.ch\/index.php\/wp-json\/wp\/v2\/users\/1"}],"replies":[{"embeddable":true,"href":"https:\/\/codexflores.ch\/index.php\/wp-json\/wp\/v2\/comments?post=1599"}],"version-history":[{"count":0,"href":"https:\/\/codexflores.ch\/index.php\/wp-json\/wp\/v2\/posts\/1599\/revisions"}],"wp:attachment":[{"href":"https:\/\/codexflores.ch\/index.php\/wp-json\/wp\/v2\/media?parent=1599"}],"wp:term":[{"taxonomy":"category","embeddable":true,"href":"https:\/\/codexflores.ch\/index.php\/wp-json\/wp\/v2\/categories?post=1599"},{"taxonomy":"post_tag","embeddable":true,"href":"https:\/\/codexflores.ch\/index.php\/wp-json\/wp\/v2\/tags?post=1599"}],"curies":[{"name":"wp","href":"https:\/\/api.w.org\/{rel}","templated":true}]}}