{"id":1601,"date":"2014-07-29T05:52:20","date_gmt":"2014-07-29T05:52:20","guid":{"rendered":"https:\/\/codexflores.ch\/index.php\/2014\/07\/29\/fruehes-bach-bild-kommt-ins-bachhaus-eisenach\/"},"modified":"2014-07-29T05:52:20","modified_gmt":"2014-07-29T05:52:20","slug":"fruehes-bach-bild-kommt-ins-bachhaus-eisenach","status":"publish","type":"post","link":"https:\/\/codexflores.ch\/index.php\/2014\/07\/29\/fruehes-bach-bild-kommt-ins-bachhaus-eisenach\/","title":{"rendered":"Fr\u00fches Bach-Bild kommt ins Bachhaus Eisenach"},"content":{"rendered":"<p><span style=\"font-family: arial,helvetica,sans-serif; font-size: small;\">29.07.2014 &#8212; Das Bachhaus Eisenach erh\u00e4lt eines der fr\u00fchesten Bildnisse von Johann Sebastian Bach als Dauerleihgabe. Das \u00d6lgem\u00e4lde diente um 1798 Kupferstichen zum Vorbild und wurde erst 1985 wieder entdeckt.<\/span><\/p>\n<p><span style=\"font-family: arial,helvetica,sans-serif; font-size: small;\"><strong>29.07.2014 &#8212; Das Bachhaus Eisenach erh\u00e4lt eines der fr\u00fchesten Bildnisse von Johann Sebastian Bach als Dauerleihgabe. Das \u00d6lgem\u00e4lde diente um 1798 Kupferstichen zum Vorbild und wurde erst 1985 wieder entdeckt.<\/strong><\/span><\/p>\n<p><span style=\"font-family: arial,helvetica,sans-serif; font-size: small;\">\u00a0<\/span><\/p>\n<p><span style=\"font-family: arial,helvetica,sans-serif; font-size: small;\">Manche Experten halten laut der Mitteilung des Bachhauses sogar eine Entstehung zu Bachs Lebzeiten f\u00fcr m\u00f6glich. Jedenfalls handele es sich um eine der drei oder vier \u00e4ltesten Darstellungen Bachs auf einem Gem\u00e4lde, die heute noch existieren, so der Bachhaus-Direktor J\u00f6rg Hansen. <\/span><\/p>\n<p>\u00a0<\/p>\n<p><span style=\"font-family: arial,helvetica,sans-serif; font-size: small;\">Dass es sich bei dem Portr\u00e4t, das ab dem 1. August im Bachhaus Eisenach gezeigt wird, um ein Bild von Johann Sebastian Bach (1685 &#8211; 1750) handelt, ist eindeutig: Genau wie auf dem 1746 von Elias Gottlob Haussmann gemalten Portr\u00e4t im Leipziger Alten Rathaus h\u00e4lt der Dargestellte ein Notenblatt in der Hand &#8211; hier stehen darauf im Bass-Schl\u00fcssel die Musiknoten \u00abB-A-C-H\u00bb. Das Bild diente zahlreichen Bach-Kupferstichen als Vorbild, etwa dem auf dem Titelblatt der ersten Ausgabe der Allgemeinen Musikalischen Zeitung von 1798. <\/span><\/p>\n<p>\u00a0<\/p>\n<p><span style=\"font-family: arial,helvetica,sans-serif; font-size: small;\">Das \u00d6lgem\u00e4lde auf Holz befand sich fr\u00fcher im Besitz des K\u00f6niglichen Kupferstichkabinetts zu Berlin, das es 1860 von dem Musiklehrer R\u00f6ssel in Berlin erworben hatte. Zu Beginn des 20. Jahrhunderts wurde es erneut an einen Privateigent\u00fcmer verkauft. Erst 1985 wurde die Bachforschung auf dieses Bild aufmerksam. Die Besitzerin hat sich nach einem Besuch der Ausstellung \u00abEcht Bach\u00bb, die das Bachhaus in diesem Fr\u00fchjahr im Berliner Dom zeigte, zu einer Dauerleihgabe an das Eisenacher Museum entschlossen. <\/span><\/p>\n<p>\u00a0<\/p>\n<p><span style=\"font-family: arial,helvetica,sans-serif; font-size: small;\">Es wird nun Bestandteil der Ausstellung zur Bach-Ikonographie, in die im Mai bereits das Bach-Pastell aus dem mutmasslichen Besitz Carl Philipp Emanuel Bachs eingef\u00fcgt wurde, und die aus diesem Anlass erneut umgestaltet und erg\u00e4nzt wird.<em> (pd)\u00a0<\/em> <\/span><\/p>\n<p><span style=\"font-family: arial,helvetica,sans-serif; font-size: small;\">\u00a0<\/span><\/p>\n","protected":false},"excerpt":{"rendered":"<p><span style=\"font-family: arial,helvetica,sans-serif; font-size: small;\">29.07.2014 &#8212; Das Bachhaus Eisenach erh\u00e4lt eines der fr\u00fchesten Bildnisse von Johann Sebastian Bach als Dauerleihgabe. Das \u00d6lgem\u00e4lde diente um 1798 Kupferstichen zum Vorbild und wurde erst 1985 wieder entdeckt.<\/span><\/p>\n","protected":false},"author":1,"featured_media":0,"comment_status":"open","ping_status":"open","sticky":false,"template":"","format":"standard","meta":{"footnotes":""},"categories":[2],"tags":[],"class_list":["post-1601","post","type-post","status-publish","format-standard","hentry","category-nachrichten","entry"],"_links":{"self":[{"href":"https:\/\/codexflores.ch\/index.php\/wp-json\/wp\/v2\/posts\/1601","targetHints":{"allow":["GET"]}}],"collection":[{"href":"https:\/\/codexflores.ch\/index.php\/wp-json\/wp\/v2\/posts"}],"about":[{"href":"https:\/\/codexflores.ch\/index.php\/wp-json\/wp\/v2\/types\/post"}],"author":[{"embeddable":true,"href":"https:\/\/codexflores.ch\/index.php\/wp-json\/wp\/v2\/users\/1"}],"replies":[{"embeddable":true,"href":"https:\/\/codexflores.ch\/index.php\/wp-json\/wp\/v2\/comments?post=1601"}],"version-history":[{"count":0,"href":"https:\/\/codexflores.ch\/index.php\/wp-json\/wp\/v2\/posts\/1601\/revisions"}],"wp:attachment":[{"href":"https:\/\/codexflores.ch\/index.php\/wp-json\/wp\/v2\/media?parent=1601"}],"wp:term":[{"taxonomy":"category","embeddable":true,"href":"https:\/\/codexflores.ch\/index.php\/wp-json\/wp\/v2\/categories?post=1601"},{"taxonomy":"post_tag","embeddable":true,"href":"https:\/\/codexflores.ch\/index.php\/wp-json\/wp\/v2\/tags?post=1601"}],"curies":[{"name":"wp","href":"https:\/\/api.w.org\/{rel}","templated":true}]}}