{"id":1604,"date":"2014-07-29T09:08:18","date_gmt":"2014-07-29T09:08:18","guid":{"rendered":"https:\/\/codexflores.ch\/index.php\/2014\/07\/29\/haefliger-verlaengert-vertrag-bei-lucerne-festival\/"},"modified":"2014-07-29T09:08:18","modified_gmt":"2014-07-29T09:08:18","slug":"haefliger-verlaengert-vertrag-bei-lucerne-festival","status":"publish","type":"post","link":"https:\/\/codexflores.ch\/index.php\/2014\/07\/29\/haefliger-verlaengert-vertrag-bei-lucerne-festival\/","title":{"rendered":"Haefliger verl\u00e4ngert Vertrag bei Lucerne Festival"},"content":{"rendered":"<p><span style=\"font-size: small; font-family: arial,helvetica,sans-serif;\">29.07.2014 &#8212; Michael Haefliger, Intendant von Lucerne Festival, verl\u00e4ngert seinen Vertrag bis Ende des Jahres 2020. Haefliger leitet das Festival in dieser Funktion seit 1999.<\/span><\/p>\n<p>\u00a0<\/p>\n<p><span style=\"font-family: arial,helvetica,sans-serif; font-size: small;\"><strong>29.07.2014 &#8212; Michael Haefliger, Intendant von Lucerne Festival, verl\u00e4ngert seinen Vertrag bis Ende des Jahres 2020. Haefliger leitet das Festival in dieser Funktion seit 1999.<\/strong><\/span><\/p>\n<p>\u00a0<\/p>\n<p>\u00a0<\/p>\n<p><span style=\"font-size: small; font-family: arial,helvetica,sans-serif;\">Haefliger hat unter anderem durch die Gr\u00fcndung des\u00a0Lucerne Festival Orchestra mit Claudio Abbado 2003 und der\u00a0Lucerne Festival Academy mit Pierre Boulez das Profil des Festivals massgeblich weiterentwickelt und gepr\u00e4gt. Mit Tourneen des Lucerne Festival\u00a0Orchestra und Claudio Abbado in den USA, Asien und Europa habe er in den letzten Jahren den internationalen Ruf von\u00a0Lucerne Festival weiter ausgebaut, schreibt das Festival. <\/span><\/p>\n<p><span style=\"font-size: small; font-family: arial,helvetica,sans-serif;\">\u00a0<\/span><\/p>\n<p><span style=\"font-size: 10.0pt; font-family: 'Arial','sans-serif';\"><span style=\"font-size: 10.0pt; font-family: 'Arial','sans-serif';\"><span style=\"font-family: arial,helvetica,sans-serif; font-size: small;\">Im Herbst 2013 initiierte er mit Anish Kapoor und Irata Isozaki mit der mobilen Konzerthalle\u00a0Lucerne Festival Ark Nova ein soziales Projekt als Geschenk f\u00fcr die Bev\u00f6lkerung im japanischen Erdbebengebiet Tohoku. In j\u00fcngster Zeit setzt er in Luzern Akzente unter anderem mit neuen Konzertformaten wie\u00a0Lucerne Festival 40min oder\u00a0Lucerne Festival Young Performance. <em>(cf)<\/em><\/span><br \/><\/span><\/span><\/p>\n","protected":false},"excerpt":{"rendered":"<p><span style=\"font-size: small; font-family: arial,helvetica,sans-serif;\">29.07.2014 &#8212; Michael Haefliger, Intendant von Lucerne Festival, verl\u00e4ngert seinen Vertrag bis Ende des Jahres 2020. Haefliger leitet das Festival in dieser Funktion seit 1999.<\/span><\/p>\n","protected":false},"author":1,"featured_media":0,"comment_status":"open","ping_status":"open","sticky":false,"template":"","format":"standard","meta":{"footnotes":""},"categories":[2],"tags":[],"class_list":["post-1604","post","type-post","status-publish","format-standard","hentry","category-nachrichten","entry"],"_links":{"self":[{"href":"https:\/\/codexflores.ch\/index.php\/wp-json\/wp\/v2\/posts\/1604","targetHints":{"allow":["GET"]}}],"collection":[{"href":"https:\/\/codexflores.ch\/index.php\/wp-json\/wp\/v2\/posts"}],"about":[{"href":"https:\/\/codexflores.ch\/index.php\/wp-json\/wp\/v2\/types\/post"}],"author":[{"embeddable":true,"href":"https:\/\/codexflores.ch\/index.php\/wp-json\/wp\/v2\/users\/1"}],"replies":[{"embeddable":true,"href":"https:\/\/codexflores.ch\/index.php\/wp-json\/wp\/v2\/comments?post=1604"}],"version-history":[{"count":0,"href":"https:\/\/codexflores.ch\/index.php\/wp-json\/wp\/v2\/posts\/1604\/revisions"}],"wp:attachment":[{"href":"https:\/\/codexflores.ch\/index.php\/wp-json\/wp\/v2\/media?parent=1604"}],"wp:term":[{"taxonomy":"category","embeddable":true,"href":"https:\/\/codexflores.ch\/index.php\/wp-json\/wp\/v2\/categories?post=1604"},{"taxonomy":"post_tag","embeddable":true,"href":"https:\/\/codexflores.ch\/index.php\/wp-json\/wp\/v2\/tags?post=1604"}],"curies":[{"name":"wp","href":"https:\/\/api.w.org\/{rel}","templated":true}]}}