{"id":1608,"date":"2014-07-30T06:11:50","date_gmt":"2014-07-30T06:11:50","guid":{"rendered":"https:\/\/codexflores.ch\/index.php\/2014\/07\/30\/bad-hersfeld-feuert-festspiel-intendanten\/"},"modified":"2014-07-30T06:11:50","modified_gmt":"2014-07-30T06:11:50","slug":"bad-hersfeld-feuert-festspiel-intendanten","status":"publish","type":"post","link":"https:\/\/codexflores.ch\/index.php\/2014\/07\/30\/bad-hersfeld-feuert-festspiel-intendanten\/","title":{"rendered":"Bad Hersfeld feuert Festspiel-Intendanten"},"content":{"rendered":"<p><span style=\"font-family: arial,helvetica,sans-serif; font-size: small;\">30.07.2014 &#8212; Der Magistrat der Kreisstadt Bad Hersfeld hat \u00abmehrheitlich beschlossen, die Zusammenarbeit mit dem Intendanten der Bad Hersfelder Festspiele, Holk Freytag, nach Ablauf der diesj\u00e4hrigen Festspielsaison am 3. August 2014 zu beenden\u00bb.<\/span><\/p>\n<p><span style=\"font-family: arial,helvetica,sans-serif; font-size: small;\"><strong>30.07.2014 &#8212; Der Magistrat der Kreisstadt Bad Hersfeld hat \u00abmehrheitlich beschlossen, die Zusammenarbeit mit dem Intendanten der Bad Hersfelder Festspiele, Holk Freytag, nach Ablauf der diesj\u00e4hrigen Festspielsaison am 3. August 2014 zu beenden\u00bb.<\/strong><\/span><\/p>\n<p><span style=\"font-family: arial,helvetica,sans-serif; font-size: small;\">\u00a0<\/span><\/p>\n<p><span style=\"font-family: arial,helvetica,sans-serif; font-size: small;\">Zugespitzt habe sich die schon l\u00e4nger w\u00e4hrende Diskussion um die Leitung der Festspiele in der letzten Woche, schreibt die Verwaltung der Stadt. Die Bad Hersfelder Festpiele h\u00e4tten in diesem Jahr mit knapp 5,16 Millionen Euro das h\u00f6chste Gesamtbudget ihrer 64-j\u00e4hrigen Geschichte. Trotz dieser Tatsache und trotz des gegen\u00fcber dem Vorjahr positiven Kartenverkaufs sei vor einigen Tagen bekannt geworden, dass f\u00fcr die aktuelle Festspielsaison die finanziellen Ziele nicht erreicht werden.<\/span><\/p>\n<p><span style=\"font-family: arial,helvetica,sans-serif; font-size: small;\">\u00a0<\/span><\/p>\n<p><span style=\"font-family: arial,helvetica,sans-serif; font-size: small;\">Zu der ohnehin geplanten Bereitstellung von st\u00e4dtischen Mitteln in H\u00f6he von 1,081 Millionen Euro m\u00fcssten nun voraussichtlich noch weitere 250&#8217;000 bis 300&#8217;000 Euro f\u00fcr die Festspielsaison 2014 aus dem st\u00e4dtischen Haushalt nachbewilligt werden. Nachdem Intendant Holk Freytag \u00abseine Gesamtverantwortung nicht ausreichend wahrgenommen und gegen wesentliche vertragliche Regelungen verstossen\u00bb habe, h\u00e4lt der Magistrat die Fortsetzung des bestehenden Dienstvertrages bis zum 31.8.2016 (regul\u00e4res Vertragsende) \u00abf\u00fcr nicht mehr zumutbar\u00bb.<\/span><\/p>\n<p><span style=\"font-family: arial,helvetica,sans-serif; font-size: small;\">\u00a0<\/span><\/p>\n<p><span style=\"font-family: arial,helvetica,sans-serif; font-size: small;\">Laut der Frankfurter Neue Presse weist\u00a0Freytag die Vorw\u00fcrfe zur\u00fcck. Die Begr\u00fcndung bezeichne er als \u00abFarce\u00bb. <em>(cf)<\/em><\/span><\/p>\n<p><span style=\"font-family: arial,helvetica,sans-serif; font-size: small;\">\u00a0<\/span><\/p>\n","protected":false},"excerpt":{"rendered":"<p><span style=\"font-family: arial,helvetica,sans-serif; font-size: small;\">30.07.2014 &#8212; Der Magistrat der Kreisstadt Bad Hersfeld hat \u00abmehrheitlich beschlossen, die Zusammenarbeit mit dem Intendanten der Bad Hersfelder Festspiele, Holk Freytag, nach Ablauf der diesj\u00e4hrigen Festspielsaison am 3. August 2014 zu beenden\u00bb.<\/span><\/p>\n","protected":false},"author":1,"featured_media":0,"comment_status":"open","ping_status":"open","sticky":false,"template":"","format":"standard","meta":{"footnotes":""},"categories":[2],"tags":[],"class_list":["post-1608","post","type-post","status-publish","format-standard","hentry","category-nachrichten","entry"],"_links":{"self":[{"href":"https:\/\/codexflores.ch\/index.php\/wp-json\/wp\/v2\/posts\/1608","targetHints":{"allow":["GET"]}}],"collection":[{"href":"https:\/\/codexflores.ch\/index.php\/wp-json\/wp\/v2\/posts"}],"about":[{"href":"https:\/\/codexflores.ch\/index.php\/wp-json\/wp\/v2\/types\/post"}],"author":[{"embeddable":true,"href":"https:\/\/codexflores.ch\/index.php\/wp-json\/wp\/v2\/users\/1"}],"replies":[{"embeddable":true,"href":"https:\/\/codexflores.ch\/index.php\/wp-json\/wp\/v2\/comments?post=1608"}],"version-history":[{"count":0,"href":"https:\/\/codexflores.ch\/index.php\/wp-json\/wp\/v2\/posts\/1608\/revisions"}],"wp:attachment":[{"href":"https:\/\/codexflores.ch\/index.php\/wp-json\/wp\/v2\/media?parent=1608"}],"wp:term":[{"taxonomy":"category","embeddable":true,"href":"https:\/\/codexflores.ch\/index.php\/wp-json\/wp\/v2\/categories?post=1608"},{"taxonomy":"post_tag","embeddable":true,"href":"https:\/\/codexflores.ch\/index.php\/wp-json\/wp\/v2\/tags?post=1608"}],"curies":[{"name":"wp","href":"https:\/\/api.w.org\/{rel}","templated":true}]}}