{"id":1610,"date":"2014-07-30T06:43:37","date_gmt":"2014-07-30T06:43:37","guid":{"rendered":"https:\/\/codexflores.ch\/index.php\/2014\/07\/30\/ard-musikwettbewerb-mit-bewerberrekord\/"},"modified":"2014-07-30T06:43:37","modified_gmt":"2014-07-30T06:43:37","slug":"ard-musikwettbewerb-mit-bewerberrekord","status":"publish","type":"post","link":"https:\/\/codexflores.ch\/index.php\/2014\/07\/30\/ard-musikwettbewerb-mit-bewerberrekord\/","title":{"rendered":"ARD-Musikwettbewerb mit Bewerberrekord"},"content":{"rendered":"<p><span style=\"font-family: arial,helvetica,sans-serif; font-size: small;\">30.07.2014 &#8211;F\u00fcr den diesj\u00e4hrigen Internationalen Musikwettbewerb der ARD haben sich 519 Musikerinnen und Musiker sowie Ensembles beworben. Das ist die bisher h\u00f6chste Anmeldezahl in der Geschichte des traditionsreichen Wettbewerbs.<\/span><\/p>\n<p><span style=\"font-family: arial,helvetica,sans-serif; font-size: small;\"><strong>30.07.2014 &#8211;F\u00fcr den diesj\u00e4hrigen Internationalen Musikwettbewerb der ARD haben sich 519 Musikerinnen und Musiker sowie Ensembles beworben. Das ist die bisher h\u00f6chste Anmeldezahl in der Geschichte des traditionsreichen Wettbewerbs.<\/strong><\/span><\/p>\n<p><span style=\"font-family: arial,helvetica,sans-serif; font-size: small;\">\u00a0<\/span><\/p>\n<p><span style=\"font-family: arial,helvetica,sans-serif; font-size: small;\">F\u00fcr die 63. Ausgabe sind von der Vorjury insgesamt 312 Bewerber zugelassen worden. Aufgerufen sind in diesem Jahr die Kategorien Klavier, Violoncello, Schlagzeug und Bl\u00e4serquintett. Die Bewerbungen kamen aus 50 L\u00e4ndern und f\u00fcnf Kontinenten. 312 der Instrumentalistinnen und Instrumentalisten sind zur Teilnahme nach M\u00fcnchen eingeladen. An der Spitze der Anmeldezahlen stehen 2014 die L\u00e4nder S\u00fcdkorea, gefolgt von Deutschland, Japan, Russland, Frankreich, Spanien, USA, China und Polen.\u00a0<\/span><\/p>\n<p><span style=\"font-family: arial,helvetica,sans-serif; font-size: small;\">\u00a0<\/span><\/p>\n<p><span style=\"font-family: arial,helvetica,sans-serif; font-size: small;\">Der Wettbewerb startet am Montag, 1. September in M\u00fcnchen. An Preisgeldern stehen dieses Jahr insgesamt mehr als 165&#8217;000 Euro zur Verf\u00fcgung, bestehend aus den Hauptpreisen der ARD und den Sonderpreisen, die durch Stiftungen und Institutionen vergeben werden. <em>(cf)<\/em><\/span><\/p>\n<p><span style=\"font-family: arial,helvetica,sans-serif; font-size: small;\">\u00a0<\/span><\/p>\n","protected":false},"excerpt":{"rendered":"<p><span style=\"font-family: arial,helvetica,sans-serif; font-size: small;\">30.07.2014 &#8211;F\u00fcr den diesj\u00e4hrigen Internationalen Musikwettbewerb der ARD haben sich 519 Musikerinnen und Musiker sowie Ensembles beworben. Das ist die bisher h\u00f6chste Anmeldezahl in der Geschichte des traditionsreichen Wettbewerbs.<\/span><\/p>\n","protected":false},"author":1,"featured_media":0,"comment_status":"open","ping_status":"open","sticky":false,"template":"","format":"standard","meta":{"footnotes":""},"categories":[2],"tags":[],"class_list":["post-1610","post","type-post","status-publish","format-standard","hentry","category-nachrichten","entry"],"_links":{"self":[{"href":"https:\/\/codexflores.ch\/index.php\/wp-json\/wp\/v2\/posts\/1610","targetHints":{"allow":["GET"]}}],"collection":[{"href":"https:\/\/codexflores.ch\/index.php\/wp-json\/wp\/v2\/posts"}],"about":[{"href":"https:\/\/codexflores.ch\/index.php\/wp-json\/wp\/v2\/types\/post"}],"author":[{"embeddable":true,"href":"https:\/\/codexflores.ch\/index.php\/wp-json\/wp\/v2\/users\/1"}],"replies":[{"embeddable":true,"href":"https:\/\/codexflores.ch\/index.php\/wp-json\/wp\/v2\/comments?post=1610"}],"version-history":[{"count":0,"href":"https:\/\/codexflores.ch\/index.php\/wp-json\/wp\/v2\/posts\/1610\/revisions"}],"wp:attachment":[{"href":"https:\/\/codexflores.ch\/index.php\/wp-json\/wp\/v2\/media?parent=1610"}],"wp:term":[{"taxonomy":"category","embeddable":true,"href":"https:\/\/codexflores.ch\/index.php\/wp-json\/wp\/v2\/categories?post=1610"},{"taxonomy":"post_tag","embeddable":true,"href":"https:\/\/codexflores.ch\/index.php\/wp-json\/wp\/v2\/tags?post=1610"}],"curies":[{"name":"wp","href":"https:\/\/api.w.org\/{rel}","templated":true}]}}