{"id":1616,"date":"2014-08-04T06:09:08","date_gmt":"2014-08-04T06:09:08","guid":{"rendered":"https:\/\/codexflores.ch\/index.php\/2014\/08\/04\/bilanz-der-tiroler-festspiele-erl-2014\/"},"modified":"2014-08-04T06:09:08","modified_gmt":"2014-08-04T06:09:08","slug":"bilanz-der-tiroler-festspiele-erl-2014","status":"publish","type":"post","link":"https:\/\/codexflores.ch\/index.php\/2014\/08\/04\/bilanz-der-tiroler-festspiele-erl-2014\/","title":{"rendered":"Bilanz der Tiroler Festspiele Erl 2014"},"content":{"rendered":"<p>04.08.2014 &#8212; Mit gut 23&#8217;000 Eintritten haben die Tiroler Festspiele Erl dieses Jahr laut eigenen Angaben die Auslastung im Hauptprogramm, den Opern und Symphoniekonzerten, auf gut 96 Prozent gesteigert.<\/p>\n<p><span style=\"font-family: arial black,avant garde; font-size: small;\"><strong>04.08.2014 &#8212; Mit gut 23&#8217;000 Eintritten haben die Tiroler Festspiele Erl dieses Jahr laut eigenen Angaben die Auslastung im Hauptprogramm, den Opern und Symphoniekonzerten, auf gut 96 Prozent gesteigert.<\/strong><\/span><\/p>\n<p>\u00a0<\/p>\n<p>Die Nettoeinnahmen beliefen sich auf gut 1,2 Millionen Euro\u00a0\u2013 ein Rekordergebnis f\u00fcr die Festspiele. Auch die Kammermusikreihe verzeichnete 3000 Besucher mehr als im Vorjahr. Ausverkauft waren die beiden Ring-Zyklen, die Brucknermatineen an den drei ersten Sonntagen der Festspiele und das Er\u00f6ffnungskonzert.<\/p>\n<p>\u00a0<\/p>\n<p>Mit dem Ende der Sommersaison ist der Kultursommer in Erl noch nicht zu Ende: Am Samstag, 9. August 2014 wird Christian Kolonovits Oper <em>El Juez<\/em> mit Jos\u00e9 Carreras uraufgef\u00fchrt. Die Premiere ist seit l\u00e4ngerer Zeit ausverkauft. Restkarten gibt es noch f\u00fcr die Folgeauff\u00fchrungen am 12. und 15. August 2014.<\/p>\n<p>\u00a0<\/p>\n<p>Der Kartenvorverkauf f\u00fcr die kommende Wintersaison ist laut den Veranstaltern gut angelaufen. F\u00fcr den 2015 angesetzten Wagner-Ring an vier aufeinanderfolgenden Tagen seien \u00fcberdies nach drei Wochen nach Verkaufsstart bereits \u00fcber 50 Prozent der Eintritte verkauft. Das komplette Programm f\u00fcr den Sommer 2015 wird Anfang November pr\u00e4sentiert. <em>(cf)<\/em><\/p>\n<p>\u00a0<\/p>\n","protected":false},"excerpt":{"rendered":"<p>04.08.2014 &#8212; Mit gut 23&#8217;000 Eintritten haben die Tiroler Festspiele Erl dieses Jahr laut eigenen Angaben die Auslastung im Hauptprogramm, den Opern und Symphoniekonzerten, auf gut 96 Prozent gesteigert.<\/p>\n","protected":false},"author":1,"featured_media":0,"comment_status":"open","ping_status":"open","sticky":false,"template":"","format":"standard","meta":{"footnotes":""},"categories":[2],"tags":[],"class_list":["post-1616","post","type-post","status-publish","format-standard","hentry","category-nachrichten","entry"],"_links":{"self":[{"href":"https:\/\/codexflores.ch\/index.php\/wp-json\/wp\/v2\/posts\/1616","targetHints":{"allow":["GET"]}}],"collection":[{"href":"https:\/\/codexflores.ch\/index.php\/wp-json\/wp\/v2\/posts"}],"about":[{"href":"https:\/\/codexflores.ch\/index.php\/wp-json\/wp\/v2\/types\/post"}],"author":[{"embeddable":true,"href":"https:\/\/codexflores.ch\/index.php\/wp-json\/wp\/v2\/users\/1"}],"replies":[{"embeddable":true,"href":"https:\/\/codexflores.ch\/index.php\/wp-json\/wp\/v2\/comments?post=1616"}],"version-history":[{"count":0,"href":"https:\/\/codexflores.ch\/index.php\/wp-json\/wp\/v2\/posts\/1616\/revisions"}],"wp:attachment":[{"href":"https:\/\/codexflores.ch\/index.php\/wp-json\/wp\/v2\/media?parent=1616"}],"wp:term":[{"taxonomy":"category","embeddable":true,"href":"https:\/\/codexflores.ch\/index.php\/wp-json\/wp\/v2\/categories?post=1616"},{"taxonomy":"post_tag","embeddable":true,"href":"https:\/\/codexflores.ch\/index.php\/wp-json\/wp\/v2\/tags?post=1616"}],"curies":[{"name":"wp","href":"https:\/\/api.w.org\/{rel}","templated":true}]}}