{"id":1617,"date":"2014-08-04T06:33:23","date_gmt":"2014-08-04T06:33:23","guid":{"rendered":"https:\/\/codexflores.ch\/index.php\/2014\/08\/04\/exklusivvertrag-der-deutschen-grammophon-mit-esfahani\/"},"modified":"2014-08-04T06:33:23","modified_gmt":"2014-08-04T06:33:23","slug":"exklusivvertrag-der-deutschen-grammophon-mit-esfahani","status":"publish","type":"post","link":"https:\/\/codexflores.ch\/index.php\/2014\/08\/04\/exklusivvertrag-der-deutschen-grammophon-mit-esfahani\/","title":{"rendered":"Exklusivvertrag der Deutschen Grammophon mit Esfahani"},"content":{"rendered":"<p><span style=\"font-family: arial,helvetica,sans-serif; font-size: small;\">04.08.2014 &#8212; Der Cembalist Mahan Esfahani hat bei der Deutschen Grammophon einen Exklusivvertrag unterzeichnet. Sein Deb\u00fct \u2013 ein Programm vom Barock bis zum Minimalismus \u2013 wird im kommenden Jahr ver\u00f6ffentlicht, das erste Cembalo-Album des Labels seit \u00fcber 30\u00a0Jahren.<\/span><\/p>\n<p><span style=\"font-family: arial,helvetica,sans-serif; font-size: small;\"><strong>04.08.2014 &#8212; Der Cembalist Mahan Esfahani hat bei der Deutschen Grammophon einen Exklusivvertrag unterzeichnet. Sein Deb\u00fct \u2013 ein Programm vom Barock bis zum Minimalismus \u2013 wird im kommenden Jahr ver\u00f6ffentlicht, das erste Cembalo-Album des Labels seit \u00fcber 30\u00a0Jahren.<\/strong><\/span><\/p>\n<p><span style=\"font-family: arial,helvetica,sans-serif; font-size: small;\">\u00a0<\/span><\/p>\n<p><span style=\"font-family: arial,helvetica,sans-serif; font-size: small;\">1984 in Teheran geboren, studierte Mahan Esfahani zun\u00e4chst Klavier bei seinem Vater, bevor er sich dem Cembalo und der Orgel zuwandte. Als erster Cembalist \u00fcberhaupt wurde er ins F\u00f6rderprogramm der BBC New Generation Artists aufgenommen und mit einem Preis des Borletti-Buitoni Trust ausgezeichnet. Sein Solodeb\u00fct in der Wigmore Hall gab er 2009.<\/span><\/p>\n<p>\u00a0<\/p>\n<p><span style=\"font-family: arial,helvetica,sans-serif; font-size: small;\"> Im Juli 2011gab er in der Londoner Cadogan Hall erste Cembalo-Solorezital der BBC Proms. 2012 wurde er erneut zu den Proms eingeladen, um seine eigene Orchestrierung von Bachs Kunst der Fuge f\u00fcr die Academy of Ancient Music zu dirigieren. <em>(cf)<\/em><\/span><\/p>\n","protected":false},"excerpt":{"rendered":"<p><span style=\"font-family: arial,helvetica,sans-serif; font-size: small;\">04.08.2014 &#8212; Der Cembalist Mahan Esfahani hat bei der Deutschen Grammophon einen Exklusivvertrag unterzeichnet. Sein Deb\u00fct \u2013 ein Programm vom Barock bis zum Minimalismus \u2013 wird im kommenden Jahr ver\u00f6ffentlicht, das erste Cembalo-Album des Labels seit \u00fcber 30\u00a0Jahren.<\/span><\/p>\n","protected":false},"author":1,"featured_media":0,"comment_status":"open","ping_status":"open","sticky":false,"template":"","format":"standard","meta":{"footnotes":""},"categories":[2],"tags":[],"class_list":["post-1617","post","type-post","status-publish","format-standard","hentry","category-nachrichten","entry"],"_links":{"self":[{"href":"https:\/\/codexflores.ch\/index.php\/wp-json\/wp\/v2\/posts\/1617","targetHints":{"allow":["GET"]}}],"collection":[{"href":"https:\/\/codexflores.ch\/index.php\/wp-json\/wp\/v2\/posts"}],"about":[{"href":"https:\/\/codexflores.ch\/index.php\/wp-json\/wp\/v2\/types\/post"}],"author":[{"embeddable":true,"href":"https:\/\/codexflores.ch\/index.php\/wp-json\/wp\/v2\/users\/1"}],"replies":[{"embeddable":true,"href":"https:\/\/codexflores.ch\/index.php\/wp-json\/wp\/v2\/comments?post=1617"}],"version-history":[{"count":0,"href":"https:\/\/codexflores.ch\/index.php\/wp-json\/wp\/v2\/posts\/1617\/revisions"}],"wp:attachment":[{"href":"https:\/\/codexflores.ch\/index.php\/wp-json\/wp\/v2\/media?parent=1617"}],"wp:term":[{"taxonomy":"category","embeddable":true,"href":"https:\/\/codexflores.ch\/index.php\/wp-json\/wp\/v2\/categories?post=1617"},{"taxonomy":"post_tag","embeddable":true,"href":"https:\/\/codexflores.ch\/index.php\/wp-json\/wp\/v2\/tags?post=1617"}],"curies":[{"name":"wp","href":"https:\/\/api.w.org\/{rel}","templated":true}]}}