{"id":1619,"date":"2014-08-05T06:00:20","date_gmt":"2014-08-05T06:00:20","guid":{"rendered":"https:\/\/codexflores.ch\/index.php\/2014\/08\/05\/teilnehmer-des-grand-prix-emanuel-feuermann\/"},"modified":"2014-08-05T06:00:20","modified_gmt":"2014-08-05T06:00:20","slug":"teilnehmer-des-grand-prix-emanuel-feuermann","status":"publish","type":"post","link":"https:\/\/codexflores.ch\/index.php\/2014\/08\/05\/teilnehmer-des-grand-prix-emanuel-feuermann\/","title":{"rendered":"Teilnehmer des Grand Prix Emanuel Feuermann"},"content":{"rendered":"<p><span style=\"font-family: arial,helvetica,sans-serif; font-size: small;\">05.08.2014 &#8212; Die zw\u00f6lf Musiker stehen fest, die im November den diesj\u00e4hrigen Grand Prix Emanuel Feuermann bestreiten werden. Darunter befindet sich auch eine Schweizerin \u2013 fast w\u00e4re man geneigt zu sagen, die \u00fcbliche Verd\u00e4chtige.<\/span><\/p>\n<p><span style=\"font-family: arial,helvetica,sans-serif; font-size: small;\"><strong>05.08.2014 &#8212; Die zw\u00f6lf Musiker stehen fest, die im November den diesj\u00e4hrigen Grand Prix Emanuel Feuermann bestreiten werden. Darunter befindet sich auch eine Schweizerin \u2013 fast w\u00e4re man geneigt zu sagen, die \u00fcbliche Verd\u00e4chtige.<\/strong><\/span><\/p>\n<p><span style=\"font-family: arial,helvetica,sans-serif; font-size: small;\">\u00a0<\/span><\/p>\n<p><span style=\"font-family: arial,helvetica,sans-serif; font-size: small;\">Nach \u00abeinem besonders grossen Interesse an der diesj\u00e4hrigen Ausschreibung\u00bb sei die Vorentscheidung anhand von DVD-Bewerbungen getroffen worden, schreiben die Veranstalter. Unter die Teilnehmer geschafft hat es Chiara Enderle, die bereits als eine der ganz wenigen Schweizerinnen in der Endauswahl des diesj\u00e4hrigen ARD-Musikwettbwerbs zu finden ist. <\/span><\/p>\n<p>\u00a0<\/p>\n<p><span style=\"font-family: arial,helvetica,sans-serif; font-size: small;\">Die weiteren Bewerberinnen und Bewerber sind Cameron Crozman (Kanada), Simone Drescher (Deutschland), Johannes Gray (USA), Andrei Ionita (Rum\u00e4nien), Minji Kim (S\u00fcdkorea),\u00a0 Hee-Young Lim (S\u00fcdkorea), Aur\u00e9lien Pascal (Frankreich), Bruno Philippe (Frankreich), Ella van Poucke (Niederlande), Daniel Wachsmuth (Deutschland) und Valentino Worlitzsch (Deutschland)<\/span><\/p>\n<p><span style=\"font-family: arial,helvetica,sans-serif; font-size: small;\">\u00a0<\/span><\/p>\n<p><span style=\"font-family: arial,helvetica,sans-serif; font-size: small;\"><span style=\"letter-spacing: -0.2pt;\"> Der internationale Cello-Wettbewerb Grand Prix Emanuel Feuermann wird seit 2002 alle vier Jahre in Berlin ausgetragen und folgt, unter anderem mit zahlreichen Hauskonzerten, Spuren des Namenspatrons, der bis zur Emigration auch Professor in Berlin, <\/span><span style=\"color: windowtext; letter-spacing: -0.2pt;\">an der heutigen Universit\u00e4t der K\u00fcnste<\/span><\/span><span style=\"font-family: 'Arial','sans-serif'; letter-spacing: -.2pt;\"><span style=\"font-family: arial,helvetica,sans-serif; font-size: small;\">, war. <em>(cf)<\/em><\/span><br \/><\/span><\/p>\n","protected":false},"excerpt":{"rendered":"<p><span style=\"font-family: arial,helvetica,sans-serif; font-size: small;\">05.08.2014 &#8212; Die zw\u00f6lf Musiker stehen fest, die im November den diesj\u00e4hrigen Grand Prix Emanuel Feuermann bestreiten werden. Darunter befindet sich auch eine Schweizerin \u2013 fast w\u00e4re man geneigt zu sagen, die \u00fcbliche Verd\u00e4chtige.<\/span><\/p>\n","protected":false},"author":1,"featured_media":0,"comment_status":"open","ping_status":"open","sticky":false,"template":"","format":"standard","meta":{"footnotes":""},"categories":[2],"tags":[],"class_list":["post-1619","post","type-post","status-publish","format-standard","hentry","category-nachrichten","entry"],"_links":{"self":[{"href":"https:\/\/codexflores.ch\/index.php\/wp-json\/wp\/v2\/posts\/1619","targetHints":{"allow":["GET"]}}],"collection":[{"href":"https:\/\/codexflores.ch\/index.php\/wp-json\/wp\/v2\/posts"}],"about":[{"href":"https:\/\/codexflores.ch\/index.php\/wp-json\/wp\/v2\/types\/post"}],"author":[{"embeddable":true,"href":"https:\/\/codexflores.ch\/index.php\/wp-json\/wp\/v2\/users\/1"}],"replies":[{"embeddable":true,"href":"https:\/\/codexflores.ch\/index.php\/wp-json\/wp\/v2\/comments?post=1619"}],"version-history":[{"count":0,"href":"https:\/\/codexflores.ch\/index.php\/wp-json\/wp\/v2\/posts\/1619\/revisions"}],"wp:attachment":[{"href":"https:\/\/codexflores.ch\/index.php\/wp-json\/wp\/v2\/media?parent=1619"}],"wp:term":[{"taxonomy":"category","embeddable":true,"href":"https:\/\/codexflores.ch\/index.php\/wp-json\/wp\/v2\/categories?post=1619"},{"taxonomy":"post_tag","embeddable":true,"href":"https:\/\/codexflores.ch\/index.php\/wp-json\/wp\/v2\/tags?post=1619"}],"curies":[{"name":"wp","href":"https:\/\/api.w.org\/{rel}","templated":true}]}}