{"id":162,"date":"2014-01-09T15:53:04","date_gmt":"2014-01-09T15:53:04","guid":{"rendered":"https:\/\/codexflores.ch\/index.php\/2014\/01\/09\/jahreswechsel-in-dresden-und-wien\/"},"modified":"2014-01-09T15:53:04","modified_gmt":"2014-01-09T15:53:04","slug":"jahreswechsel-in-dresden-und-wien","status":"publish","type":"post","link":"https:\/\/codexflores.ch\/index.php\/2014\/01\/09\/jahreswechsel-in-dresden-und-wien\/","title":{"rendered":"Jahreswechsel in Dresden und Wien"},"content":{"rendered":"<p><span class=\"txt-m-black\"><em>24.01.2011 &#8212;<\/em> Ein Blizzard in New York d\u00fcrfte die ZDF-Tontechniker in Dresden ins Schwitzen gebracht haben \u2013 ausgerechnet in dem Moment, in dem sie das erste Mal an Silvester nicht aus Berlin sendeten: Die Amerikanerin Ren\u00e9e Fleming, der Star des Silvesterkonzertes, schaffte es erst mit einem Tag Versp\u00e4tung nach Deutschland. Da hiess es, ohne Proben und Sicherheitsaufnahmen vom Konzert des Vortages, an dem die sympathische Sopranistin ebenfalls h\u00e4tte teilnehmen sollen, Spitzenqualit\u00e4t ins Polycarbonat zu brennen. <\/p>\n<p> Der Schnee hat\u2019s wie gesagt verhindert. F\u00fcr die Staatsoper erwies sich die Panne im Nachhinein allerdings als Gl\u00fccksfall: Am 30. September, an dem das Konzert doppelt gef\u00fchrt wurde, sprang kurzfristig das Traumpaar Anna Netrebko und Ehemann Erwin Schrott ein. Was will man mehr? <\/p>\n<p> Silvester, das bedeutet Hochsaison f\u00fcr Operetten-Produktionen. Ist\u2019s nicht die \u00fcbliche Strauss\u2019che Fledermaus, die zum Jahr rausflattert, so eine andere musikalische Kom\u00f6die mit frivoler Schlagseite. Die Operettenstadt Dresden hat da die Nase vorn. Diese St\u00e4rke haben die Staatskapelle Dresden unter Christian Thielemann, Ren\u00e9e Fleming, Christopher Maltmann und eine Reihe weiterer illustrer G\u00e4ste genutzt, und sich an Franz Leh\u00e1rs <em>Lustige Witwe<\/em> rangemacht. Die Jahresend-Tradition soll in den kommenden Jahren mit Thielemann fortgesetzt werden. <\/p>\n<p> <img decoding=\"async\" src=\"http:\/\/212.60.37.143\/bilder\/2011\/110114neujahr2.jpg\" border=\"0\" align=\"left\" \/>ZDF und ARD lieferten sich mit teils parallel ausgestrahlten Silvester- und Neujahrskonzerten heuer einen absurd anmutenden Musikstreit (bei dem das ZDF laut Zuschauerforschung die Nase vorn hatte), zwischen Dresden und Wien gab\u2019s aber auch ein interessantes Dirigentenduell: Hie Thielemann, der 2012\/13 seine Arbeit als Chefdirigent der S\u00e4chsischen Staatskapelle Dresden offiziell aufnehmen wird, dort Franz Welser-M\u00f6st, der soeben vom Opernhaus Z\u00fcrich als Generalmusikdirektor zur Wiener Staatsoper gewechselt hat: Zwei St\u00e4dte, zwei frische Dirgentenpers\u00f6nlichkeiten, die ihnen (hoffentlich) ihren Stempel aufdr\u00fccken werden. <\/p>\n<p> Welser-M\u00f6st hat das traditionelle Neujahrskonzert der Wiener Philharmoniker zum erstenmal dirigiert. Grosse programmatische \u00dcberraschungen fanden sich da naturgem\u00e4ss kaum. Dieses Jahr gab\u2019s immerhin eine Premiere f\u00fcr Franz Liszt. Zu seinem 200. Geburtstag feierte er mit <em>Zwei Episoden aus Lenaus Faust<\/em>, respektive dem <em>Mepohisto-Walzer<\/em> Einstand beim wohl bekanntesten und popul\u00e4rsten Ereignis der klassischen Musik. <em>(wb)<\/em><\/p>\n<p> <span class=\"txt-s-black\"><em><span style=\"font-size: x-small;\">Silvesterkonzert 2010 aus Dresden: Ausschnitte aus Leh\u00e1rs die lustige Witwe, Ren\u00e9e Fleming Sopran), Chrsistopher Maltman (Tenor) und andere, Christian Thielemann (Leitung), Staatskapelle Dresden, Deutsche Grammophon\/Universal, CD Best.Nr. 4477 9540, auch als DVD erh\u00e4ltlich.<\/span><\/em><br \/><em><span style=\"font-size: x-small;\"> Neujahrskonzert 2011 der Wiener Philharmoniker, Franz Welser-M\u00f6st (Leitung), Werke von Johann Strauss, Jospeh Lanner, Franz Liszt und anderen. Decca\/Universal, Doppel-CD Best.Nr. 478 2601, auch als DVD erh\u00e4ltlich.<\/span> <\/em><br \/><\/span><\/span><\/p>\n","protected":false},"excerpt":{"rendered":"<p>24.01.2011 &#8212; Ein Blizzard in New York d\u00fcrfte die ZDF-Tontechniker in Dresden ins Schwitzen gebracht haben \u2013 ausgerechnet in dem&#8230;<\/p>\n","protected":false},"author":1,"featured_media":0,"comment_status":"open","ping_status":"open","sticky":false,"template":"","format":"standard","meta":{"footnotes":""},"categories":[4],"tags":[],"class_list":["post-162","post","type-post","status-publish","format-standard","hentry","category-im-gespraech","entry"],"_links":{"self":[{"href":"https:\/\/codexflores.ch\/index.php\/wp-json\/wp\/v2\/posts\/162","targetHints":{"allow":["GET"]}}],"collection":[{"href":"https:\/\/codexflores.ch\/index.php\/wp-json\/wp\/v2\/posts"}],"about":[{"href":"https:\/\/codexflores.ch\/index.php\/wp-json\/wp\/v2\/types\/post"}],"author":[{"embeddable":true,"href":"https:\/\/codexflores.ch\/index.php\/wp-json\/wp\/v2\/users\/1"}],"replies":[{"embeddable":true,"href":"https:\/\/codexflores.ch\/index.php\/wp-json\/wp\/v2\/comments?post=162"}],"version-history":[{"count":0,"href":"https:\/\/codexflores.ch\/index.php\/wp-json\/wp\/v2\/posts\/162\/revisions"}],"wp:attachment":[{"href":"https:\/\/codexflores.ch\/index.php\/wp-json\/wp\/v2\/media?parent=162"}],"wp:term":[{"taxonomy":"category","embeddable":true,"href":"https:\/\/codexflores.ch\/index.php\/wp-json\/wp\/v2\/categories?post=162"},{"taxonomy":"post_tag","embeddable":true,"href":"https:\/\/codexflores.ch\/index.php\/wp-json\/wp\/v2\/tags?post=162"}],"curies":[{"name":"wp","href":"https:\/\/api.w.org\/{rel}","templated":true}]}}