{"id":1620,"date":"2014-08-05T06:09:46","date_gmt":"2014-08-05T06:09:46","guid":{"rendered":"https:\/\/codexflores.ch\/index.php\/2014\/08\/05\/bilanz-des-21-loerracher-stimmen-festivals\/"},"modified":"2014-08-05T06:09:46","modified_gmt":"2014-08-05T06:09:46","slug":"bilanz-des-21-loerracher-stimmen-festivals","status":"publish","type":"post","link":"https:\/\/codexflores.ch\/index.php\/2014\/08\/05\/bilanz-des-21-loerracher-stimmen-festivals\/","title":{"rendered":"Bilanz des 21. L\u00f6rracher Stimmen-Festivals"},"content":{"rendered":"<p><span style=\"font-family: arial,helvetica,sans-serif; font-size: small;\">05.08.2014 &#8212; Mit einem Konzert von Carminho und der Basel Sinfoniette im R\u00f6mischen Theater Augusta Raurica ist das 21. L\u00f6rracher Stimmen-Festival zu Ende gegangen. Die Konzertreihe z\u00e4hlte rund 32&#8217;000 Eintritte.<\/span><\/p>\n<p><span style=\"font-family: arial,helvetica,sans-serif; font-size: small;\"><strong>05.08.2014 &#8212; Mit einem Konzert von Carminho und der Basel Sinfoniette im R\u00f6mischen Theater Augusta Raurica ist das 21. L\u00f6rracher Stimmen-Festival zu Ende gegangen. Die Konzertreihe z\u00e4hlte rund 32&#8217;000 Eintritte.<\/strong><\/span><\/p>\n<p><span style=\"font-family: arial,helvetica,sans-serif; font-size: small;\">\u00a0<\/span><\/p>\n<p><span style=\"font-family: arial,helvetica,sans-serif; font-size: small;\">37 Ensembles und Bands traten in 26 Konzerten an 23 Veranstaltungstagen auf (2013 waren es 26 Veranstaltungen an 25 Tagen).\u00a0<\/span><\/p>\n<p>\u00a0<\/p>\n<p><span style=\"font-family: arial,helvetica,sans-serif; font-size: small;\">Die 2013 erstmals erprobte Einf\u00fchrung von programmatischen Bl\u00f6cken wie Rock und Pop im Burghof und auf dem Marktplatz, Roots und Folk\/Songwriter im Rosenfelspark sowie Klassik und A-cappella in der Reithalle des Riehener Wenkenparks, im Burghof wie in der Stadtkirche L\u00f6rrach habe sich dabei als erfolgreiche und vom Publikum angenommene Konzertdramaturgie erwiesen, schreiben die Veranstalter. <\/span><\/p>\n<p>\u00a0<\/p>\n<p><span style=\"font-family: arial,helvetica,sans-serif; font-size: small;\">Viele lokale und regionale S\u00e4ngerinnen und S\u00e4nger waren auch dieses Jahr wieder bei \u00abL\u00f6rrach singt!\u00bb dabei: \u00dcber 2200 Mitwirkende in rund 90 Ensembles verwandelten die L\u00f6rracher Innenstadt am 12. Juli in ein klingendes Stimmen-Meer. <em>(cf)<\/em><\/span><\/p>\n<p>\u00a0<\/p>\n","protected":false},"excerpt":{"rendered":"<p><span style=\"font-family: arial,helvetica,sans-serif; font-size: small;\">05.08.2014 &#8212; Mit einem Konzert von Carminho und der Basel Sinfoniette im R\u00f6mischen Theater Augusta Raurica ist das 21. L\u00f6rracher Stimmen-Festival zu Ende gegangen. Die Konzertreihe z\u00e4hlte rund 32&#8217;000 Eintritte.<\/span><\/p>\n","protected":false},"author":1,"featured_media":0,"comment_status":"open","ping_status":"open","sticky":false,"template":"","format":"standard","meta":{"footnotes":""},"categories":[2],"tags":[],"class_list":["post-1620","post","type-post","status-publish","format-standard","hentry","category-nachrichten","entry"],"_links":{"self":[{"href":"https:\/\/codexflores.ch\/index.php\/wp-json\/wp\/v2\/posts\/1620","targetHints":{"allow":["GET"]}}],"collection":[{"href":"https:\/\/codexflores.ch\/index.php\/wp-json\/wp\/v2\/posts"}],"about":[{"href":"https:\/\/codexflores.ch\/index.php\/wp-json\/wp\/v2\/types\/post"}],"author":[{"embeddable":true,"href":"https:\/\/codexflores.ch\/index.php\/wp-json\/wp\/v2\/users\/1"}],"replies":[{"embeddable":true,"href":"https:\/\/codexflores.ch\/index.php\/wp-json\/wp\/v2\/comments?post=1620"}],"version-history":[{"count":0,"href":"https:\/\/codexflores.ch\/index.php\/wp-json\/wp\/v2\/posts\/1620\/revisions"}],"wp:attachment":[{"href":"https:\/\/codexflores.ch\/index.php\/wp-json\/wp\/v2\/media?parent=1620"}],"wp:term":[{"taxonomy":"category","embeddable":true,"href":"https:\/\/codexflores.ch\/index.php\/wp-json\/wp\/v2\/categories?post=1620"},{"taxonomy":"post_tag","embeddable":true,"href":"https:\/\/codexflores.ch\/index.php\/wp-json\/wp\/v2\/tags?post=1620"}],"curies":[{"name":"wp","href":"https:\/\/api.w.org\/{rel}","templated":true}]}}