{"id":1622,"date":"2014-08-06T05:41:59","date_gmt":"2014-08-06T05:41:59","guid":{"rendered":"https:\/\/codexflores.ch\/index.php\/2014\/08\/06\/rheinland-pfalz-ehrt-volker-david-kirchner\/"},"modified":"2014-08-06T05:41:59","modified_gmt":"2014-08-06T05:41:59","slug":"rheinland-pfalz-ehrt-volker-david-kirchner","status":"publish","type":"post","link":"https:\/\/codexflores.ch\/index.php\/2014\/08\/06\/rheinland-pfalz-ehrt-volker-david-kirchner\/","title":{"rendered":"Rheinland-Pfalz ehrt Volker David Kirchner"},"content":{"rendered":"<p><span style=\"font-family: arial,helvetica,sans-serif; font-size: small;\">06.08.2014 &#8212; Der Komponist Volker David Kirchner erh\u00e4lt den Preis des Landesmusikrats Rheinland-Pfalz f\u00fcr die Verdienste um die Musikkultur. Die Auszeichnung wird an Pers\u00f6nlichkeiten vergeben, welche \u00abdie Musikkultur in Rheinland-Pfalz massgeblich pr\u00e4gen und f\u00f6rdern\u00bb.<\/span><\/p>\n<p><span style=\"font-family: arial,helvetica,sans-serif; font-size: small;\"><strong>06.08.2014 &#8212; Der Komponist Volker David Kirchner erh\u00e4lt den Preis des Landesmusikrats Rheinland-Pfalz f\u00fcr die Verdienste um die Musikkultur. Die Auszeichnung wird an Pers\u00f6nlichkeiten vergeben, welche \u00abdie Musikkultur in Rheinland-Pfalz massgeblich pr\u00e4gen und f\u00f6rdern\u00bb.<\/strong><\/span><\/p>\n<p><span style=\"font-family: arial,helvetica,sans-serif; font-size: small;\">\u00a0<\/span><\/p>\n<p><span style=\"font-family: arial,helvetica,sans-serif; font-size: small;\">Der 2011 ins Leben gerufene Preis wird zum zweiten Mal vergeben. Kirchner wurde 1942 in Mainz geboren und studierte von 1956 bis 1959 am Peter-Cornelius-Konservatorium der Stadt Mainz Komposition und Violine. Sein Studium setzte er an der Musikhochschule K\u00f6ln unter anderem bei Bernd Alois Zimmermann fort. <\/span><\/p>\n<p>\u00a0<\/p>\n<p><span style=\"font-family: arial,helvetica,sans-serif; font-size: small;\">Als Instrumentalist f\u00fchrten ihn Konzertreisen nach S\u00fcdamerika, Nordafrika und in den nahen Osten. F\u00fcr sein umfassendes Schaffen wurde dem Komponisten bereits eine Vielzahl verschiedener Auszeichnungen zuteil.\u00a0 <em>(cf)<\/em><\/span><\/p>\n<p>\u00a0<\/p>\n","protected":false},"excerpt":{"rendered":"<p><span style=\"font-family: arial,helvetica,sans-serif; font-size: small;\">06.08.2014 &#8212; Der Komponist Volker David Kirchner erh\u00e4lt den Preis des Landesmusikrats Rheinland-Pfalz f\u00fcr die Verdienste um die Musikkultur. Die Auszeichnung wird an Pers\u00f6nlichkeiten vergeben, welche \u00abdie Musikkultur in Rheinland-Pfalz massgeblich pr\u00e4gen und f\u00f6rdern\u00bb.<\/span><\/p>\n","protected":false},"author":1,"featured_media":0,"comment_status":"open","ping_status":"open","sticky":false,"template":"","format":"standard","meta":{"footnotes":""},"categories":[2],"tags":[],"class_list":["post-1622","post","type-post","status-publish","format-standard","hentry","category-nachrichten","entry"],"_links":{"self":[{"href":"https:\/\/codexflores.ch\/index.php\/wp-json\/wp\/v2\/posts\/1622","targetHints":{"allow":["GET"]}}],"collection":[{"href":"https:\/\/codexflores.ch\/index.php\/wp-json\/wp\/v2\/posts"}],"about":[{"href":"https:\/\/codexflores.ch\/index.php\/wp-json\/wp\/v2\/types\/post"}],"author":[{"embeddable":true,"href":"https:\/\/codexflores.ch\/index.php\/wp-json\/wp\/v2\/users\/1"}],"replies":[{"embeddable":true,"href":"https:\/\/codexflores.ch\/index.php\/wp-json\/wp\/v2\/comments?post=1622"}],"version-history":[{"count":0,"href":"https:\/\/codexflores.ch\/index.php\/wp-json\/wp\/v2\/posts\/1622\/revisions"}],"wp:attachment":[{"href":"https:\/\/codexflores.ch\/index.php\/wp-json\/wp\/v2\/media?parent=1622"}],"wp:term":[{"taxonomy":"category","embeddable":true,"href":"https:\/\/codexflores.ch\/index.php\/wp-json\/wp\/v2\/categories?post=1622"},{"taxonomy":"post_tag","embeddable":true,"href":"https:\/\/codexflores.ch\/index.php\/wp-json\/wp\/v2\/tags?post=1622"}],"curies":[{"name":"wp","href":"https:\/\/api.w.org\/{rel}","templated":true}]}}