{"id":1624,"date":"2014-08-06T16:26:36","date_gmt":"2014-08-06T16:26:36","guid":{"rendered":"https:\/\/codexflores.ch\/index.php\/2014\/08\/06\/musikforum-heft-2-april-juni-2014\/"},"modified":"2014-08-06T16:26:36","modified_gmt":"2014-08-06T16:26:36","slug":"musikforum-heft-2-april-juni-2014","status":"publish","type":"post","link":"https:\/\/codexflores.ch\/index.php\/2014\/08\/06\/musikforum-heft-2-april-juni-2014\/","title":{"rendered":"Musikforum  Heft 2 (April\u2013Juni 2014)"},"content":{"rendered":"<p><img decoding=\"async\" src=\"images\/zeitschriften_covers\/musfor214.jpg\" border=\"0\" alt=\"Cover Zeitschrift\" style=\"float: left; margin: 8px;\" \/><span style=\"font-family: arial,helvetica,sans-serif; font-size: small;\">Musikleben im Diskurs <\/span><\/p>\n<p><span style=\"font-family: arial,helvetica,sans-serif; font-size: small;\"> Herausgegeben von Schott Music, Mainz<\/span><\/p>\n<p><span style=\"font-family: arial,helvetica,sans-serif; font-size: small;\"> <strong>Im Fokus: (Ver)bl\u00fchende Landschaften. Was ist uns die Musik wert? <\/strong><\/span><\/p>\n<p><span style=\"font-family: arial,helvetica,sans-serif; font-size: small;\"> Eckhard Braun:<\/span><br \/><span style=\"font-family: arial,helvetica,sans-serif; font-size: small;\"> Prinzipien \u00f6ffentlicher Kulturf\u00f6rderung. Symbiose von Kultur, Staat und Zivilgesellschaft <\/span><\/p>\n<p><span style=\"font-family: arial,helvetica,sans-serif; font-size: small;\"> Patrick s. F\u00f6hl und Doreen G\u00f6tzky: <\/span><br \/><span style=\"font-family: arial,helvetica,sans-serif; font-size: small;\"> Musikf\u00f6rderung nach neuen Grunds\u00e4tzen. Zwei Gutachten zur Weiterentwicklung der Musikpolitik des Bundes <\/span><\/p>\n<p><span style=\"font-family: arial,helvetica,sans-serif; font-size: small;\"> Christian H\u00f6ppner: <\/span><br \/><span style=\"font-family: arial,helvetica,sans-serif; font-size: small;\"> Gemeinwohl ist nicht verhandelbar. \u00d6ffentliche Kulturf\u00f6rderung in der Diskussion <\/span><\/p>\n<p><span style=\"font-family: arial,helvetica,sans-serif; font-size: small;\"> Christian H\u00f6ppner: <\/span><br \/><span style=\"font-family: arial,helvetica,sans-serif; font-size: small;\"> Kultur muss ein f\u00fcr alle zug\u00e4ngliches Allgemeingut werden. Gespr\u00e4ch mit Sylvia L\u00f6hrmann, Ministerin f\u00fcr Schule und Weiterbildung des Landes Nordrhein-Westfalen<\/span><\/p>\n<p><span style=\"font-family: arial,helvetica,sans-serif; font-size: small;\"> Maurice Lausberg: <\/span><br \/><span style=\"font-family: arial,helvetica,sans-serif; font-size: small;\"> Zukunftsmusik Kultursponsoring. Kann \u00f6ffentliche Kulturf\u00f6rderung durch Sponsoring erstetzt werden? <\/span><\/p>\n<p><span style=\"font-family: arial,helvetica,sans-serif; font-size: small;\"> Albrecht Schr\u00f6ter: <\/span><br \/><span style=\"font-family: arial,helvetica,sans-serif; font-size: small;\"> Die Stadt als Kulturf\u00f6rderer. Chance und Herausforderung am Beispiel der Stadt Jena <\/span><\/p>\n<p><span style=\"font-family: arial,helvetica,sans-serif; font-size: small;\"> Jens Best: <\/span><br \/><span style=\"font-family: arial,helvetica,sans-serif; font-size: small;\"> Crowfunding. Ein strategisches Werkzeug f\u00fcr Musikunternehmen <\/span><\/p>\n<p><span style=\"font-family: arial,helvetica,sans-serif; font-size: small;\"> Irene Suchy: <\/span><br \/><span style=\"font-family: arial,helvetica,sans-serif; font-size: small;\"> Kunst kommt von G\u00f6nnen. Geschichte und Zukunft des M\u00e4zenatentums <\/span><\/p>\n<p><span style=\"font-family: arial,helvetica,sans-serif; font-size: small;\"> <strong>Pro und Contra<\/strong><\/span><\/p>\n<p><span style=\"font-family: arial,helvetica,sans-serif; font-size: small;\"> Sonja Greiner und Robert von Zahn :<\/span><br \/><span style=\"font-family: arial,helvetica,sans-serif; font-size: small;\"> Eventisierung von Kultur. L\u00f6st Kurzzeitf\u00f6rderung die Langzeitf\u00f6rderung von Kultur ab?<\/span><\/p>\n<p><span style=\"font-family: arial,helvetica,sans-serif; font-size: small;\"> <strong>Akzent<\/strong><\/span><\/p>\n<p><span style=\"font-family: arial,helvetica,sans-serif; font-size: small;\"> Georg Brunner:<\/span><br \/><span style=\"font-family: arial,helvetica,sans-serif; font-size: small;\"> Fanges\u00e4nge im Fu\u00dfballstadion. Zwischen Kult und Leidenschaft <\/span><\/p>\n<p><span style=\"font-family: arial,helvetica,sans-serif; font-size: small;\"> <strong>Kolumne<\/strong><\/span><\/p>\n<p><span style=\"font-family: arial,helvetica,sans-serif; font-size: small;\"> Udo Dahmen:<\/span><br \/><span style=\"font-family: arial,helvetica,sans-serif; font-size: small;\"> Erkl\u00e4r mir Pop: David Bowies \u00abHeroes\u00bb <\/span><\/p>\n<p><span style=\"font-family: arial,helvetica,sans-serif; font-size: small;\"> <strong> Bildung | Forschung <\/strong><\/span><\/p>\n<p><span style=\"font-family: arial,helvetica,sans-serif; font-size: small;\"> Lydia Gr\u00fcn: <\/span><br \/><span style=\"font-family: arial,helvetica,sans-serif; font-size: small;\"> Musikvermittlung im l\u00e4ndlichen Raum. Zur Notwendigkeit, neue Vermittlungsformate zu finden <\/span><\/p>\n<p><span style=\"font-family: arial,helvetica,sans-serif; font-size: small;\"> Herma Friedrich: <\/span><br \/><span style=\"font-family: arial,helvetica,sans-serif; font-size: small;\"> \u00abIch kann mich nicht dreiteilen.\u00bb Anforderungen an Musiklehrer in einer inklusiven Lernumgebung <\/span><\/p>\n<p><span style=\"font-family: arial,helvetica,sans-serif; font-size: small;\"> Matthias Pannes:<\/span><br \/><span style=\"font-family: arial,helvetica,sans-serif; font-size: small;\"> \u00d6ffentliche Musikschulen und Inklusion. Aufgaben und Chancen<\/span><\/p>\n<p><span style=\"font-family: arial,helvetica,sans-serif; font-size: small;\"> <strong> Wirtschaft | Recht <\/strong><\/span><\/p>\n<p><span style=\"font-family: arial,helvetica,sans-serif; font-size: small;\"> Christian H\u00f6ppner: <\/span><br \/><span style=\"font-family: arial,helvetica,sans-serif; font-size: small;\"> Plattenvertrag, selbstgemacht. Gespr\u00e4ch mit Jonathan Bouchard, Gr\u00fcnder und Inhaber von meinplattenvertrag.de <\/span><\/p>\n<p><span style=\"font-family: arial,helvetica,sans-serif; font-size: small;\"> Hans-J\u00fcrgen Blinn:<\/span><br \/><span style=\"font-family: arial,helvetica,sans-serif; font-size: small;\"> Sonderrolle Kultur im internationalen Freihandel. Chancen und Risiken des Freihandelsabkommens zwischen der EU und den USA <\/span><\/p>\n<p><span style=\"font-family: arial,helvetica,sans-serif; font-size: small;\"> <strong>Report <\/strong><\/span><\/p>\n<p><span style=\"font-family: arial,helvetica,sans-serif; font-size: small;\"> Stefan Bischoff: <\/span><br \/><span style=\"font-family: arial,helvetica,sans-serif; font-size: small;\"> Musikvereine im demografischen Wandel. Zwischen Tradition und Moderne: Ergebnisse einer Untersuchung f\u00fcr die Bundesvereinigung Deutscher Orchesterverb\u00e4nde <\/span><\/p>\n<p><span style=\"font-family: arial,helvetica,sans-serif; font-size: small;\"> <strong>Im Weiteren<\/strong><\/span><\/p>\n<p><span style=\"font-family: arial,helvetica,sans-serif; font-size: small;\"> Nachrichten<\/span><br \/><span style=\"font-family: arial,helvetica,sans-serif; font-size: small;\"> DMR-Informationen: Projekte, Verb\u00e4nde <\/span><br \/><span style=\"font-family: arial,helvetica,sans-serif; font-size: small;\"> Rezensionen<\/span><\/p>\n","protected":false},"excerpt":{"rendered":"<p>Musikleben im Diskurs Herausgegeben von Schott Music, Mainz Im Fokus: (Ver)bl\u00fchende Landschaften. Was ist uns die Musik wert? Eckhard Braun:&#8230;<\/p>\n","protected":false},"author":1,"featured_media":0,"comment_status":"open","ping_status":"open","sticky":false,"template":"","format":"standard","meta":{"footnotes":""},"categories":[10],"tags":[],"class_list":["post-1624","post","type-post","status-publish","format-standard","hentry","category-fachzeitschriften","entry"],"_links":{"self":[{"href":"https:\/\/codexflores.ch\/index.php\/wp-json\/wp\/v2\/posts\/1624","targetHints":{"allow":["GET"]}}],"collection":[{"href":"https:\/\/codexflores.ch\/index.php\/wp-json\/wp\/v2\/posts"}],"about":[{"href":"https:\/\/codexflores.ch\/index.php\/wp-json\/wp\/v2\/types\/post"}],"author":[{"embeddable":true,"href":"https:\/\/codexflores.ch\/index.php\/wp-json\/wp\/v2\/users\/1"}],"replies":[{"embeddable":true,"href":"https:\/\/codexflores.ch\/index.php\/wp-json\/wp\/v2\/comments?post=1624"}],"version-history":[{"count":0,"href":"https:\/\/codexflores.ch\/index.php\/wp-json\/wp\/v2\/posts\/1624\/revisions"}],"wp:attachment":[{"href":"https:\/\/codexflores.ch\/index.php\/wp-json\/wp\/v2\/media?parent=1624"}],"wp:term":[{"taxonomy":"category","embeddable":true,"href":"https:\/\/codexflores.ch\/index.php\/wp-json\/wp\/v2\/categories?post=1624"},{"taxonomy":"post_tag","embeddable":true,"href":"https:\/\/codexflores.ch\/index.php\/wp-json\/wp\/v2\/tags?post=1624"}],"curies":[{"name":"wp","href":"https:\/\/api.w.org\/{rel}","templated":true}]}}