{"id":1625,"date":"2014-08-07T06:13:50","date_gmt":"2014-08-07T06:13:50","guid":{"rendered":"https:\/\/codexflores.ch\/index.php\/2014\/08\/07\/definitives-programm-der-biennale-bern\/"},"modified":"2014-08-07T06:13:50","modified_gmt":"2014-08-07T06:13:50","slug":"definitives-programm-der-biennale-bern","status":"publish","type":"post","link":"https:\/\/codexflores.ch\/index.php\/2014\/08\/07\/definitives-programm-der-biennale-bern\/","title":{"rendered":"Definitives Programm der Biennale Bern"},"content":{"rendered":"<p><span style=\"font-family: arial,helvetica,sans-serif; font-size: small;\">07.08.2014 &#8212; Vom 11. bis 20. September pr\u00e4sentiert die Biennale Bern unter dem Titel \u00abZwischen R\u00e4umen\u00bb rund 70 K\u00fcnstlerinnen und K\u00fcnstler und 7 Ensembles, die sich in ihren Arbeiten mit Fragen nach dem Raum, seiner Funktion und seiner Wahrnehmung auseinandersetzen.<\/span><\/p>\n<p><span style=\"font-family: arial,helvetica,sans-serif; font-size: small;\"><strong>07.08.2014 &#8212; Vom 11. bis 20. September pr\u00e4sentiert die Biennale Bern unter dem Titel \u00abZwischen R\u00e4umen\u00bb rund 70 K\u00fcnstlerinnen und K\u00fcnstler und 7 Ensembles, die sich in ihren Arbeiten mit Fragen nach dem Raum, seiner Funktion und seiner Wahrnehmung auseinandersetzen.<\/strong><\/span><\/p>\n<p><span style=\"font-family: arial,helvetica,sans-serif; font-size: small;\">\u00a0<\/span><\/p>\n<p><span style=\"font-family: arial,helvetica,sans-serif; font-size: small;\">Die Dampfzentrale wird w\u00e4hrend drei Tagen zu einer k\u00fcnstlerischen Allmend, wo Fragen nach der Vermarktbarkeit von Kultur und m\u00f6glichen kollektiven Alternativen konkret ausprobiert werden k\u00f6nnen. Sarah Vanhees \u00abLectures For Every One\u00bb wiederum befragen an Teammeetings, Stadtratssitzungen oder Vereinstreffen den Zustand unseres Gemeinwesens und die Kr\u00e4fte, die in unserer fragmentierten Gesellschaft wirken. <\/span><\/p>\n<p>\u00a0<\/p>\n<p><span style=\"font-family: arial,helvetica,sans-serif; font-size: small;\">Konzert Theater Bern nutzt die Biennale zur Lancierung der \u00abInternationalen Plattform Neues Musiktheater Bern\/M\u00fcnchen\u00bb, auf der Nachwuchsk\u00fcnstler einen Zwischenstand ihrer aktuellen B\u00fchnenarbeiten pr\u00e4sentieren. Der Anlass wird von Gastspielen aus dem Bereich Musiktheater umrahmt. <\/span><\/p>\n<p>\u00a0<\/p>\n<p><span style=\"font-family: arial,helvetica,sans-serif; font-size: small;\">Die Hochschule der K\u00fcnste Bern pr\u00e4sentiert im Rahmen der Biennale drei Arbeiten, die sich explizit der Neuerkundung von R\u00e4umen \u2013 \u00e4usseren wie inneren \u2013 verschrieben haben. In der Soundinstallation \u00abUnterland\u00bb formen S\u00e9verine Urwyler und Lukas Sander mit Kl\u00e4ngen von Christian Berkes einen noch geheim gehaltenen Ort in der Peripherie von Bern um. Nicht mit Aug und Ohr, sondern der Nase nach wird man die Berner Altstadt neu erleben k\u00f6nnen: Wie riecht Bern? Welche Geschichten erz\u00e4hlen die mehr und die weniger angenehmen Ger\u00fcche der Stadt? <em>(cf)<\/em><\/span><\/p>\n<p>\u00a0<\/p>\n<p><span style=\"font-family: arial,helvetica,sans-serif; font-size: small;\">Das vollst\u00e4ndige Programm findet sich unter <a href=\"http:\/\/www.biennale-bern.ch\" target=\"_blank\" rel=\"noopener noreferrer\">www.biennale-bern.ch<\/a>.\u00a0<\/span><\/p>\n<p>\u00a0<\/p>\n","protected":false},"excerpt":{"rendered":"<p><span style=\"font-family: arial,helvetica,sans-serif; font-size: small;\">07.08.2014 &#8212; Vom 11. bis 20. September pr\u00e4sentiert die Biennale Bern unter dem Titel \u00abZwischen R\u00e4umen\u00bb rund 70 K\u00fcnstlerinnen und K\u00fcnstler und 7 Ensembles, die sich in ihren Arbeiten mit Fragen nach dem Raum, seiner Funktion und seiner Wahrnehmung auseinandersetzen.<\/span><\/p>\n","protected":false},"author":1,"featured_media":0,"comment_status":"open","ping_status":"open","sticky":false,"template":"","format":"standard","meta":{"footnotes":""},"categories":[2],"tags":[],"class_list":["post-1625","post","type-post","status-publish","format-standard","hentry","category-nachrichten","entry"],"_links":{"self":[{"href":"https:\/\/codexflores.ch\/index.php\/wp-json\/wp\/v2\/posts\/1625","targetHints":{"allow":["GET"]}}],"collection":[{"href":"https:\/\/codexflores.ch\/index.php\/wp-json\/wp\/v2\/posts"}],"about":[{"href":"https:\/\/codexflores.ch\/index.php\/wp-json\/wp\/v2\/types\/post"}],"author":[{"embeddable":true,"href":"https:\/\/codexflores.ch\/index.php\/wp-json\/wp\/v2\/users\/1"}],"replies":[{"embeddable":true,"href":"https:\/\/codexflores.ch\/index.php\/wp-json\/wp\/v2\/comments?post=1625"}],"version-history":[{"count":0,"href":"https:\/\/codexflores.ch\/index.php\/wp-json\/wp\/v2\/posts\/1625\/revisions"}],"wp:attachment":[{"href":"https:\/\/codexflores.ch\/index.php\/wp-json\/wp\/v2\/media?parent=1625"}],"wp:term":[{"taxonomy":"category","embeddable":true,"href":"https:\/\/codexflores.ch\/index.php\/wp-json\/wp\/v2\/categories?post=1625"},{"taxonomy":"post_tag","embeddable":true,"href":"https:\/\/codexflores.ch\/index.php\/wp-json\/wp\/v2\/tags?post=1625"}],"curies":[{"name":"wp","href":"https:\/\/api.w.org\/{rel}","templated":true}]}}