{"id":1627,"date":"2014-08-07T06:54:23","date_gmt":"2014-08-07T06:54:23","guid":{"rendered":"https:\/\/codexflores.ch\/index.php\/2014\/08\/07\/domingo-ehrenpraesident-des-young-conductors-award\/"},"modified":"2014-08-07T06:54:23","modified_gmt":"2014-08-07T06:54:23","slug":"domingo-ehrenpraesident-des-young-conductors-award","status":"publish","type":"post","link":"https:\/\/codexflores.ch\/index.php\/2014\/08\/07\/domingo-ehrenpraesident-des-young-conductors-award\/","title":{"rendered":"Domingo Ehrenpr\u00e4sident des Young Conductors Award"},"content":{"rendered":"<p><span style=\"font-family: arial,helvetica,sans-serif; font-size: small;\">07.08.2014 &#8212; Trotz zweifelsohne zahlreichster anderweitiger Verpflichtungen findet Pl\u00e1cido Domingo Zeit, die Ehrenpr\u00e4sidentschaft des Nestl\u00e9 and Salzburg Festival Young Conductors Award zu \u00fcbernehmen und \u00abdie Initiative in eine n\u00e4chste Phase zu begleiten\u00bb.<\/span><\/p>\n<p><span style=\"font-family: arial,helvetica,sans-serif; font-size: small;\"><strong>07.08.2014 &#8212; Trotz zweifelsohne zahlreichster anderweitiger Verpflichtungen findet Pl\u00e1cido Domingo Zeit, die Ehrenpr\u00e4sidentschaft des Nestl\u00e9 and Salzburg Festival Young Conductors Award zu \u00fcbernehmen und \u00abdie Initiative in eine n\u00e4chste Phasezu\u00a0 begleiten\u00bb.<\/strong><\/span><\/p>\n<p><span style=\"font-family: arial,helvetica,sans-serif; font-size: small;\">\u00a0<\/span><\/p>\n<p><span style=\"font-family: arial,helvetica,sans-serif; font-size: small;\">Pl\u00e1cido Domingo wird ab 2015 Ehrenvorsitzender des Wettbewerbs. Er habe bereits vor mehr als zwei Jahrzehnten mit dem Operalia Wettbewerb f\u00fcr junge Operns\u00e4nger einen eigenen Nachwuchswettbewerb ins Leben gerufen und werde auch dem Nestl\u00e9 and Salzburg Festival Young Conductors Award wichtige Impulse f\u00fcr die n\u00e4chste Phase geben, schreiben die Veranstalter.<\/span><\/p>\n<p><span style=\"font-family: arial,helvetica,sans-serif; font-size: small;\">\u00a0<\/span><\/p>\n<p><span style=\"font-family: arial,helvetica,sans-serif; font-size: small;\">Das in Salzburg eingef\u00fchrte Award Concert Weekend wird im Jahr 2015 fortgesetzt und erstmals in die Sommerfestspiele eingebettet. Den drei Finalisten, von einer Jury im Rahmen des Contemporary Music Day ausgew\u00e4hlt, bietet sich die Gelegenheit, jeweils ein rund einst\u00fcndiges Konzert mit der Camerata Salzburg in der Universit\u00e4tsaula im Rahmen der Festspiele 2015 zu dirigieren. Das n\u00e4chste Preistr\u00e4gerkonzert wird daher erst im Jahr 2016 stattfinden. \u00a0<\/span><\/p>\n<p><span style=\"font-family: arial,helvetica,sans-serif; font-size: small;\">\u00a0<\/span><\/p>\n<p><span style=\"font-family: arial,helvetica,sans-serif; font-size: small;\">Ziel des 2010 ins Leben gerufenen Wettbewerbes ist es, \u00abhochbegabten jungen Dirigenten und Dirigentinnen einen entscheidenden Impuls f\u00fcr deren Karriere zu geben\u00bb. Die Preistr\u00e4ger werden durch eine Jury ermittelt. Neben dem klassisch-romantischen Repertoire ist die Interpretation zeitgen\u00f6ssischer Werke ein entscheidendes Kriterium. Der Preis ist mit 15&#8217;000 Euro dotiert und wird im Jahr 2015 zum sechsten Mal an einen jungen Dirigenten zwischen 22 und 35 Jahren verliehen.<em> (cf)\u00a0<\/em><\/span><\/p>\n<p>\u00a0<\/p>\n","protected":false},"excerpt":{"rendered":"<p><span style=\"font-family: arial,helvetica,sans-serif; font-size: small;\">07.08.2014 &#8212; Trotz zweifelsohne zahlreichster anderweitiger Verpflichtungen findet Pl\u00e1cido Domingo Zeit, die Ehrenpr\u00e4sidentschaft des Nestl\u00e9 and Salzburg Festival Young Conductors Award zu \u00fcbernehmen und \u00abdie Initiative in eine n\u00e4chste Phase zu begleiten\u00bb.<\/span><\/p>\n","protected":false},"author":1,"featured_media":0,"comment_status":"open","ping_status":"open","sticky":false,"template":"","format":"standard","meta":{"footnotes":""},"categories":[2],"tags":[],"class_list":["post-1627","post","type-post","status-publish","format-standard","hentry","category-nachrichten","entry"],"_links":{"self":[{"href":"https:\/\/codexflores.ch\/index.php\/wp-json\/wp\/v2\/posts\/1627","targetHints":{"allow":["GET"]}}],"collection":[{"href":"https:\/\/codexflores.ch\/index.php\/wp-json\/wp\/v2\/posts"}],"about":[{"href":"https:\/\/codexflores.ch\/index.php\/wp-json\/wp\/v2\/types\/post"}],"author":[{"embeddable":true,"href":"https:\/\/codexflores.ch\/index.php\/wp-json\/wp\/v2\/users\/1"}],"replies":[{"embeddable":true,"href":"https:\/\/codexflores.ch\/index.php\/wp-json\/wp\/v2\/comments?post=1627"}],"version-history":[{"count":0,"href":"https:\/\/codexflores.ch\/index.php\/wp-json\/wp\/v2\/posts\/1627\/revisions"}],"wp:attachment":[{"href":"https:\/\/codexflores.ch\/index.php\/wp-json\/wp\/v2\/media?parent=1627"}],"wp:term":[{"taxonomy":"category","embeddable":true,"href":"https:\/\/codexflores.ch\/index.php\/wp-json\/wp\/v2\/categories?post=1627"},{"taxonomy":"post_tag","embeddable":true,"href":"https:\/\/codexflores.ch\/index.php\/wp-json\/wp\/v2\/tags?post=1627"}],"curies":[{"name":"wp","href":"https:\/\/api.w.org\/{rel}","templated":true}]}}