{"id":1629,"date":"2014-08-08T06:25:13","date_gmt":"2014-08-08T06:25:13","guid":{"rendered":"https:\/\/codexflores.ch\/index.php\/2014\/08\/08\/adrian-brendel-mitglied-des-nash-ensemble\/"},"modified":"2014-08-08T06:25:13","modified_gmt":"2014-08-08T06:25:13","slug":"adrian-brendel-mitglied-des-nash-ensemble","status":"publish","type":"post","link":"https:\/\/codexflores.ch\/index.php\/2014\/08\/08\/adrian-brendel-mitglied-des-nash-ensemble\/","title":{"rendered":"Adrian Brendel Mitglied des Nash Ensemble"},"content":{"rendered":"<p><span style=\"font-family: arial,helvetica,sans-serif; font-size: small;\">08.08.2014 &#8212; Der Cellist Adrian Brendel, der Sohn des Pianisten Alfred Brendel, wird Mitglied der britischen Kammermusik-Gruppe Nash Ensemble. Seinen ersten Auftritt mit der Formation hat er am 18.Oktober in der Londoner Wigmore Hall.<\/span><\/p>\n<p><span style=\"font-family: arial,helvetica,sans-serif; font-size: small;\"><strong>08.08.2014 &#8212; Der Cellist Adrian Brendel, der Sohn des Pianisten Alfred Brendel, wird Mitglied der britischen Kammermusik-Gruppe Nash Ensemble. Seinen ersten Auftritt mit der Formation hat er am 18.Oktober in der Londoner Wigmore Hall.<\/strong><\/span><\/p>\n<p><span style=\"font-family: arial,helvetica,sans-serif; font-size: small;\">\u00a0<\/span><\/p>\n<p><span style=\"font-family: arial,helvetica,sans-serif; font-size: small;\">Der 1976 geborene Adrian Brendel studierte bei William Pleeth, Alexander Baillie und Frans Helmerson in London und K\u00f6ln. Brendel war auch in der Schweiz oft Gast, so bei den Festivals von Verbier und Ernen. Ausserdem tritt er regelm\u00e4ssig in den renommiertesten Konzerts\u00e4len Europas wie der Wigmore Hall in London, der Berliner Philharmonie, dem Wiener Musikverein und dem Concertgebouw in Amsterdam auf.<\/span><\/p>\n<p>\u00a0<\/p>\n<p><span style=\"font-family: arial,helvetica,sans-serif; font-size: small;\">Adrian Brendel ist k\u00fcnstlerischer Leiter des Festivals Music at Plush, das jeden Sommer in Dorset, im S\u00fcdwesten Englands stattfindet. In den letzten Jahren hat er \u00fcberdies an zahlreichen sozialen Projekten und Vermittlungsprogrammen in entfernten Regionen wie in Bolivien, Argentinien und Ostafrika sowie in der Ukraine und Rum\u00e4nien teilgenommen. So portr\u00e4tierte er etwa das Festival des senegalesischen S\u00e4ngers und Gitarristen Baaba Maal aus Podor f\u00fcr das Programm von BBC Radio 4. Mitgewirkt hat unter anderem aber auch an einer CD-Produktion mit dem Jazz-Ensemble Root 70 um den Posaunisten Nils Wogram. <em>(cf)<\/em><\/span><\/p>\n<p>\u00a0<\/p>\n","protected":false},"excerpt":{"rendered":"<p><span style=\"font-family: arial,helvetica,sans-serif; font-size: small;\">08.08.2014 &#8212; Der Cellist Adrian Brendel, der Sohn des Pianisten Alfred Brendel, wird Mitglied der britischen Kammermusik-Gruppe Nash Ensemble. Seinen ersten Auftritt mit der Formation hat er am 18.Oktober in der Londoner Wigmore Hall.<\/span><\/p>\n","protected":false},"author":1,"featured_media":0,"comment_status":"open","ping_status":"open","sticky":false,"template":"","format":"standard","meta":{"footnotes":""},"categories":[2],"tags":[],"class_list":["post-1629","post","type-post","status-publish","format-standard","hentry","category-nachrichten","entry"],"_links":{"self":[{"href":"https:\/\/codexflores.ch\/index.php\/wp-json\/wp\/v2\/posts\/1629","targetHints":{"allow":["GET"]}}],"collection":[{"href":"https:\/\/codexflores.ch\/index.php\/wp-json\/wp\/v2\/posts"}],"about":[{"href":"https:\/\/codexflores.ch\/index.php\/wp-json\/wp\/v2\/types\/post"}],"author":[{"embeddable":true,"href":"https:\/\/codexflores.ch\/index.php\/wp-json\/wp\/v2\/users\/1"}],"replies":[{"embeddable":true,"href":"https:\/\/codexflores.ch\/index.php\/wp-json\/wp\/v2\/comments?post=1629"}],"version-history":[{"count":0,"href":"https:\/\/codexflores.ch\/index.php\/wp-json\/wp\/v2\/posts\/1629\/revisions"}],"wp:attachment":[{"href":"https:\/\/codexflores.ch\/index.php\/wp-json\/wp\/v2\/media?parent=1629"}],"wp:term":[{"taxonomy":"category","embeddable":true,"href":"https:\/\/codexflores.ch\/index.php\/wp-json\/wp\/v2\/categories?post=1629"},{"taxonomy":"post_tag","embeddable":true,"href":"https:\/\/codexflores.ch\/index.php\/wp-json\/wp\/v2\/tags?post=1629"}],"curies":[{"name":"wp","href":"https:\/\/api.w.org\/{rel}","templated":true}]}}