{"id":1631,"date":"2014-08-08T06:54:26","date_gmt":"2014-08-08T06:54:26","guid":{"rendered":"https:\/\/codexflores.ch\/index.php\/2014\/08\/08\/leiter-des-bach-festival-dordrecht-gefeuert\/"},"modified":"2014-08-08T06:54:26","modified_gmt":"2014-08-08T06:54:26","slug":"leiter-des-bach-festival-dordrecht-gefeuert","status":"publish","type":"post","link":"https:\/\/codexflores.ch\/index.php\/2014\/08\/08\/leiter-des-bach-festival-dordrecht-gefeuert\/","title":{"rendered":"Leiter des Bach Festival Dordrecht gefeuert"},"content":{"rendered":"<p><span style=\"font-family: arial,helvetica,sans-serif; font-size: small;\">08.08.2014 &#8212; Jan Nuchelmans, der k\u00fcnstlerische Leiter des niederl\u00e4ndischen Bach Festival Dordrecht, ist entlassen worden. Die Begr\u00fcndung ist medizinischer Art und recht pikant.<\/span><\/p>\n<p><span style=\"font-family: arial,helvetica,sans-serif; font-size: small;\"><strong>08.08.2014 &#8212;\u00a0Jan Nuchelmans, der k\u00fcnstlerische Leiter des niederl\u00e4ndischen Bach Festival Dordrecht, ist entlassen worden. Die Begr\u00fcndung ist medizinischer Art und recht pikant.<\/strong><\/span><\/p>\n<p><span style=\"font-family: arial,helvetica,sans-serif; font-size: small;\">\u00a0<\/span><\/p>\n<p><span style=\"font-family: arial,helvetica,sans-serif; font-size: small;\">Der erfahrene Festivalleiter, er war 1982 Mitgr\u00fcnder des Festival Oude Muziek Utrecht und bis 1999 dessen Koleiter, erlitt 2012 einen Schlaganfall. Die Festival-Verantwortlichen erachten den Posten des k\u00fcnstlerischen Leiters laut einem <a href=\"http:\/\/www.nrc.nl\/handelsblad\/van\/2014\/augustus\/07\/dit-komt-heel-hard-aan-ik-ben-totaal-verbijster-1409380\" target=\"_blank\" rel=\"noopener noreferrer\">Bericht<\/a> des <em>NRC Handelsblad<\/em> offensichtlich gegen seinen Willen nun als unzumutbar.<\/span><\/p>\n<p><span style=\"font-family: arial,helvetica,sans-serif; font-size: small;\">\u00a0<\/span><\/p>\n<p><span style=\"font-family: arial,helvetica,sans-serif; font-size: small;\">Jannie van der Loos, der Gesch\u00e4ftsf\u00fchrer des Festivals, erkl\u00e4rte gegen\u00fcber der Zeitung, man habe nach dem Anfall, der Nuchelmans linke Seite l\u00e4hmte und kognitive Funktonen beeintr\u00e4chtigte, l\u00e4ngere Zeit zugewartet, nun aber feststellen m\u00fcssen, das er die Funktion nicht mehr ausf\u00fcllen k\u00f6nne. <em>(cf)<\/em><\/span><\/p>\n","protected":false},"excerpt":{"rendered":"<p><span style=\"font-family: arial,helvetica,sans-serif; font-size: small;\">08.08.2014 &#8212; Jan Nuchelmans, der k\u00fcnstlerische Leiter des niederl\u00e4ndischen Bach Festival Dordrecht, ist entlassen worden. Die Begr\u00fcndung ist medizinischer Art und recht pikant.<\/span><\/p>\n","protected":false},"author":1,"featured_media":0,"comment_status":"open","ping_status":"open","sticky":false,"template":"","format":"standard","meta":{"footnotes":""},"categories":[2],"tags":[],"class_list":["post-1631","post","type-post","status-publish","format-standard","hentry","category-nachrichten","entry"],"_links":{"self":[{"href":"https:\/\/codexflores.ch\/index.php\/wp-json\/wp\/v2\/posts\/1631","targetHints":{"allow":["GET"]}}],"collection":[{"href":"https:\/\/codexflores.ch\/index.php\/wp-json\/wp\/v2\/posts"}],"about":[{"href":"https:\/\/codexflores.ch\/index.php\/wp-json\/wp\/v2\/types\/post"}],"author":[{"embeddable":true,"href":"https:\/\/codexflores.ch\/index.php\/wp-json\/wp\/v2\/users\/1"}],"replies":[{"embeddable":true,"href":"https:\/\/codexflores.ch\/index.php\/wp-json\/wp\/v2\/comments?post=1631"}],"version-history":[{"count":0,"href":"https:\/\/codexflores.ch\/index.php\/wp-json\/wp\/v2\/posts\/1631\/revisions"}],"wp:attachment":[{"href":"https:\/\/codexflores.ch\/index.php\/wp-json\/wp\/v2\/media?parent=1631"}],"wp:term":[{"taxonomy":"category","embeddable":true,"href":"https:\/\/codexflores.ch\/index.php\/wp-json\/wp\/v2\/categories?post=1631"},{"taxonomy":"post_tag","embeddable":true,"href":"https:\/\/codexflores.ch\/index.php\/wp-json\/wp\/v2\/tags?post=1631"}],"curies":[{"name":"wp","href":"https:\/\/api.w.org\/{rel}","templated":true}]}}